{"id":2066,"date":"2025-09-11T16:06:22","date_gmt":"2025-09-11T15:06:22","guid":{"rendered":"https:\/\/www.radiomais.ao\/?p=2066"},"modified":"2025-09-11T16:06:22","modified_gmt":"2025-09-11T15:06:22","slug":"minsa-preve-distribuir-mais-de-um-milhao-de-mosquiteiros-na-provincia-do-bie","status":"publish","type":"post","link":"https:\/\/www.radiomais.ao\/index.php\/2025\/09\/11\/minsa-preve-distribuir-mais-de-um-milhao-de-mosquiteiros-na-provincia-do-bie\/","title":{"rendered":"MINSA prev\u00ea distribuir mais de um milh\u00e3o de mosquiteiros na prov\u00edncia do Bi\u00e9."},"content":{"rendered":"\n<p>O Minist\u00e9rio da Sa\u00fade prev\u00ea o fornecimento de um milh\u00e3o, 166 mil e 792 mosquiteiros tratados com inseticidas de longa dura\u00e7\u00e3o, ao n\u00edvel da prov\u00edncia do Bi\u00e9, atrav\u00e9s do projecto de distribui\u00e7\u00e3o de mosquiteiros, que foi apresentado esta quarta-feira, na cidade do Cuito. Fonte <strong><em><a href=\"https:\/\/www.opais.ao\/sociedade\/minsa-preve-distribuir-mais-de-um-milhao-de-mosquiteiros-na-provincia-do-bie\/\">Opa\u00eds<\/a><\/em><\/strong><\/p>\n","protected":false},"excerpt":{"rendered":"<p>O Minist\u00e9rio da Sa\u00fade prev\u00ea o fornecimento de um milh\u00e3o, 166 mil e 792 mosquiteiros tratados com inseticidas de longa dura\u00e7\u00e3o, ao n\u00edvel da prov\u00edncia do Bi\u00e9, atrav\u00e9s do projecto de distribui\u00e7\u00e3o de mosquiteiros, que foi apresentado esta quarta-feira, na cidade do Cuito. Fonte Opa\u00eds<\/p>\n","protected":false},"author":3,"featured_media":2067,"comment_status":"open","ping_status":"open","sticky":false,"template":"","format":"standard","meta":{"footnotes":""},"categories":[16],"tags":[579,580],"class_list":["post-2066","post","type-post","status-publish","format-standard","has-post-thumbnail","hentry","category-actualidade","tag-minsa","tag-mosquiteiros"],"blocksy_meta":[],"_links":{"self":[{"href":"https:\/\/www.radiomais.ao\/index.php\/wp-json\/wp\/v2\/posts\/2066","targetHints":{"allow":["GET"]}}],"collection":[{"href":"https:\/\/www.radiomais.ao\/index.php\/wp-json\/wp\/v2\/posts"}],"about":[{"href":"https:\/\/www.radiomais.ao\/index.php\/wp-json\/wp\/v2\/types\/post"}],"author":[{"embeddable":true,"href":"https:\/\/www.radiomais.ao\/index.php\/wp-json\/wp\/v2\/users\/3"}],"replies":[{"embeddable":true,"href":"https:\/\/www.radiomais.ao\/index.php\/wp-json\/wp\/v2\/comments?post=2066"}],"version-history":[{"count":1,"href":"https:\/\/www.radiomais.ao\/index.php\/wp-json\/wp\/v2\/posts\/2066\/revisions"}],"predecessor-version":[{"id":2068,"href":"https:\/\/www.radiomais.ao\/index.php\/wp-json\/wp\/v2\/posts\/2066\/revisions\/2068"}],"wp:featuredmedia":[{"embeddable":true,"href":"https:\/\/www.radiomais.ao\/index.php\/wp-json\/wp\/v2\/media\/2067"}],"wp:attachment":[{"href":"https:\/\/www.radiomais.ao\/index.php\/wp-json\/wp\/v2\/media?parent=2066"}],"wp:term":[{"taxonomy":"category","embeddable":true,"href":"https:\/\/www.radiomais.ao\/index.php\/wp-json\/wp\/v2\/categories?post=2066"},{"taxonomy":"post_tag","embeddable":true,"href":"https:\/\/www.radiomais.ao\/index.php\/wp-json\/wp\/v2\/tags?post=2066"}],"curies":[{"name":"wp","href":"https:\/\/api.w.org\/{rel}","templated":true}]}}