{"id":2086,"date":"2025-09-15T09:47:47","date_gmt":"2025-09-15T08:47:47","guid":{"rendered":"https:\/\/www.radiomais.ao\/?p=2086"},"modified":"2025-09-15T09:47:47","modified_gmt":"2025-09-15T08:47:47","slug":"surto-de-sarampo-assola-municipio-de-buco-zau-em-cabinda","status":"publish","type":"post","link":"https:\/\/www.radiomais.ao\/index.php\/2025\/09\/15\/surto-de-sarampo-assola-municipio-de-buco-zau-em-cabinda\/","title":{"rendered":"Surto de sarampo assola munic\u00edpio de Buco-Zau em cabinda ."},"content":{"rendered":"\n<p><strong>O munic\u00edpio de Buco-zau, prov\u00edncia de cabinda, enfrenta actualmente um surto de sarampo que j\u00e1 vitimou mortalmente cinco crian\u00e7as, duas das quais por intoxica\u00e7\u00e3o pelo consumo de ch\u00e1 de liamba, usado pelos familiares para o tratamento da doen\u00e7a<\/strong>. Fonte <strong><em><a href=\"https:\/\/www.opais.ao\/sociedade\/surto-de-sarampo-assola-municipio-de-buco-zau-em-cabinda-com-registo-mortal-de-cinco-criancas\/\">Opa\u00eds<\/a><\/em><\/strong><\/p>\n","protected":false},"excerpt":{"rendered":"<p>O munic\u00edpio de Buco-zau, prov\u00edncia de cabinda, enfrenta actualmente um surto de sarampo que j\u00e1 vitimou mortalmente cinco crian\u00e7as, duas das quais por intoxica\u00e7\u00e3o pelo consumo de ch\u00e1 de liamba, usado pelos familiares para o tratamento da doen\u00e7a. Fonte Opa\u00eds<\/p>\n","protected":false},"author":3,"featured_media":2087,"comment_status":"open","ping_status":"open","sticky":false,"template":"","format":"standard","meta":{"footnotes":""},"categories":[1],"tags":[581,22,105],"class_list":["post-2086","post","type-post","status-publish","format-standard","has-post-thumbnail","hentry","category-uncategorized","tag-cabinda-assola","tag-destaque","tag-sarampo"],"blocksy_meta":[],"_links":{"self":[{"href":"https:\/\/www.radiomais.ao\/index.php\/wp-json\/wp\/v2\/posts\/2086","targetHints":{"allow":["GET"]}}],"collection":[{"href":"https:\/\/www.radiomais.ao\/index.php\/wp-json\/wp\/v2\/posts"}],"about":[{"href":"https:\/\/www.radiomais.ao\/index.php\/wp-json\/wp\/v2\/types\/post"}],"author":[{"embeddable":true,"href":"https:\/\/www.radiomais.ao\/index.php\/wp-json\/wp\/v2\/users\/3"}],"replies":[{"embeddable":true,"href":"https:\/\/www.radiomais.ao\/index.php\/wp-json\/wp\/v2\/comments?post=2086"}],"version-history":[{"count":1,"href":"https:\/\/www.radiomais.ao\/index.php\/wp-json\/wp\/v2\/posts\/2086\/revisions"}],"predecessor-version":[{"id":2088,"href":"https:\/\/www.radiomais.ao\/index.php\/wp-json\/wp\/v2\/posts\/2086\/revisions\/2088"}],"wp:featuredmedia":[{"embeddable":true,"href":"https:\/\/www.radiomais.ao\/index.php\/wp-json\/wp\/v2\/media\/2087"}],"wp:attachment":[{"href":"https:\/\/www.radiomais.ao\/index.php\/wp-json\/wp\/v2\/media?parent=2086"}],"wp:term":[{"taxonomy":"category","embeddable":true,"href":"https:\/\/www.radiomais.ao\/index.php\/wp-json\/wp\/v2\/categories?post=2086"},{"taxonomy":"post_tag","embeddable":true,"href":"https:\/\/www.radiomais.ao\/index.php\/wp-json\/wp\/v2\/tags?post=2086"}],"curies":[{"name":"wp","href":"https:\/\/api.w.org\/{rel}","templated":true}]}}