{"id":2092,"date":"2025-09-15T09:53:19","date_gmt":"2025-09-15T08:53:19","guid":{"rendered":"https:\/\/www.radiomais.ao\/?p=2092"},"modified":"2025-09-15T09:54:14","modified_gmt":"2025-09-15T08:54:14","slug":"pgr-reafirma-ideias-de-agostinho-neto-com-tarde-de-homenagens","status":"publish","type":"post","link":"https:\/\/www.radiomais.ao\/index.php\/2025\/09\/15\/pgr-reafirma-ideias-de-agostinho-neto-com-tarde-de-homenagens\/","title":{"rendered":"PGR reafirma ideias de Agostinho Neto com tarde de homenagens."},"content":{"rendered":"\n<p>O Audit\u00f3rio da Procuradoria-Geral da Rep\u00fablica, foi palco de homenagem ao fundador da na\u00e7\u00e3o, Ant\u00f3nio Agostinho Neto. A referida homenagem retratou a vida do \u201cpoeta maior\u201d em todos os aspectos, desde po\u00e9tica, social e pol\u00edtica. Fonte <strong><em><a href=\"https:\/\/www.opais.ao\/politica\/pgr-reafirma-ideias-de-agostinho-neto-com-tarde-de-homenagens\/\">Opa\u00eds<\/a><\/em><\/strong><\/p>\n\n\n\n<p><\/p>\n","protected":false},"excerpt":{"rendered":"<p>O Audit\u00f3rio da Procuradoria-Geral da Rep\u00fablica, foi palco de homenagem ao fundador da na\u00e7\u00e3o, Ant\u00f3nio Agostinho Neto. A referida homenagem retratou a vida do \u201cpoeta maior\u201d em todos os aspectos, desde po\u00e9tica, social e pol\u00edtica. Fonte Opa\u00eds<\/p>\n","protected":false},"author":3,"featured_media":2093,"comment_status":"open","ping_status":"open","sticky":false,"template":"","format":"standard","meta":{"footnotes":""},"categories":[16],"tags":[585,232,584],"class_list":["post-2092","post","type-post","status-publish","format-standard","has-post-thumbnail","hentry","category-actualidade","tag-ideias","tag-pgr","tag-reafirma"],"blocksy_meta":[],"_links":{"self":[{"href":"https:\/\/www.radiomais.ao\/index.php\/wp-json\/wp\/v2\/posts\/2092","targetHints":{"allow":["GET"]}}],"collection":[{"href":"https:\/\/www.radiomais.ao\/index.php\/wp-json\/wp\/v2\/posts"}],"about":[{"href":"https:\/\/www.radiomais.ao\/index.php\/wp-json\/wp\/v2\/types\/post"}],"author":[{"embeddable":true,"href":"https:\/\/www.radiomais.ao\/index.php\/wp-json\/wp\/v2\/users\/3"}],"replies":[{"embeddable":true,"href":"https:\/\/www.radiomais.ao\/index.php\/wp-json\/wp\/v2\/comments?post=2092"}],"version-history":[{"count":2,"href":"https:\/\/www.radiomais.ao\/index.php\/wp-json\/wp\/v2\/posts\/2092\/revisions"}],"predecessor-version":[{"id":2095,"href":"https:\/\/www.radiomais.ao\/index.php\/wp-json\/wp\/v2\/posts\/2092\/revisions\/2095"}],"wp:featuredmedia":[{"embeddable":true,"href":"https:\/\/www.radiomais.ao\/index.php\/wp-json\/wp\/v2\/media\/2093"}],"wp:attachment":[{"href":"https:\/\/www.radiomais.ao\/index.php\/wp-json\/wp\/v2\/media?parent=2092"}],"wp:term":[{"taxonomy":"category","embeddable":true,"href":"https:\/\/www.radiomais.ao\/index.php\/wp-json\/wp\/v2\/categories?post=2092"},{"taxonomy":"post_tag","embeddable":true,"href":"https:\/\/www.radiomais.ao\/index.php\/wp-json\/wp\/v2\/tags?post=2092"}],"curies":[{"name":"wp","href":"https:\/\/api.w.org\/{rel}","templated":true}]}}