{"id":2097,"date":"2025-09-15T09:58:38","date_gmt":"2025-09-15T08:58:38","guid":{"rendered":"https:\/\/www.radiomais.ao\/?p=2097"},"modified":"2025-09-15T09:58:38","modified_gmt":"2025-09-15T08:58:38","slug":"angola-e-cuba-revitalizam-cooperacao-interparlamentar","status":"publish","type":"post","link":"https:\/\/www.radiomais.ao\/index.php\/2025\/09\/15\/angola-e-cuba-revitalizam-cooperacao-interparlamentar\/","title":{"rendered":"Angola e cuba revitalizam coopera\u00e7\u00e3o interparlamentar."},"content":{"rendered":"\n<p><strong>Angola e cuba deram um passo significativo no fortalecimento das suas rela\u00e7\u00f5es bilaterais com a assinatura, s\u00e1bado, 13, da renova\u00e7\u00e3o do Protocolo de coopera\u00e7\u00e3o Parlamentar, vigente desde 2012, e do Programa de coopera\u00e7\u00e3o Parlamentar no dom\u00ednio da Administra\u00e7\u00e3o Parlamentar<\/strong>. Fonte <strong><em><a href=\"https:\/\/www.opais.ao\/politica\/angola-e-cuba-revitalizam-cooperacao-interparlamentar\/\">Opa\u00eds<\/a><\/em><\/strong><\/p>\n\n\n\n<p><\/p>\n","protected":false},"excerpt":{"rendered":"<p>Angola e cuba deram um passo significativo no fortalecimento das suas rela\u00e7\u00f5es bilaterais com a assinatura, s\u00e1bado, 13, da renova\u00e7\u00e3o do Protocolo de coopera\u00e7\u00e3o Parlamentar, vigente desde 2012, e do Programa de coopera\u00e7\u00e3o Parlamentar no dom\u00ednio da Administra\u00e7\u00e3o Parlamentar. Fonte Opa\u00eds<\/p>\n","protected":false},"author":3,"featured_media":2098,"comment_status":"open","ping_status":"open","sticky":false,"template":"","format":"standard","meta":{"footnotes":""},"categories":[16],"tags":[75,283,561,586],"class_list":["post-2097","post","type-post","status-publish","format-standard","has-post-thumbnail","hentry","category-actualidade","tag-angola","tag-cooperacao","tag-cuba","tag-reforcada"],"blocksy_meta":[],"_links":{"self":[{"href":"https:\/\/www.radiomais.ao\/index.php\/wp-json\/wp\/v2\/posts\/2097","targetHints":{"allow":["GET"]}}],"collection":[{"href":"https:\/\/www.radiomais.ao\/index.php\/wp-json\/wp\/v2\/posts"}],"about":[{"href":"https:\/\/www.radiomais.ao\/index.php\/wp-json\/wp\/v2\/types\/post"}],"author":[{"embeddable":true,"href":"https:\/\/www.radiomais.ao\/index.php\/wp-json\/wp\/v2\/users\/3"}],"replies":[{"embeddable":true,"href":"https:\/\/www.radiomais.ao\/index.php\/wp-json\/wp\/v2\/comments?post=2097"}],"version-history":[{"count":1,"href":"https:\/\/www.radiomais.ao\/index.php\/wp-json\/wp\/v2\/posts\/2097\/revisions"}],"predecessor-version":[{"id":2099,"href":"https:\/\/www.radiomais.ao\/index.php\/wp-json\/wp\/v2\/posts\/2097\/revisions\/2099"}],"wp:featuredmedia":[{"embeddable":true,"href":"https:\/\/www.radiomais.ao\/index.php\/wp-json\/wp\/v2\/media\/2098"}],"wp:attachment":[{"href":"https:\/\/www.radiomais.ao\/index.php\/wp-json\/wp\/v2\/media?parent=2097"}],"wp:term":[{"taxonomy":"category","embeddable":true,"href":"https:\/\/www.radiomais.ao\/index.php\/wp-json\/wp\/v2\/categories?post=2097"},{"taxonomy":"post_tag","embeddable":true,"href":"https:\/\/www.radiomais.ao\/index.php\/wp-json\/wp\/v2\/tags?post=2097"}],"curies":[{"name":"wp","href":"https:\/\/api.w.org\/{rel}","templated":true}]}}