{"id":2103,"date":"2025-09-15T10:06:44","date_gmt":"2025-09-15T09:06:44","guid":{"rendered":"https:\/\/www.radiomais.ao\/?p=2103"},"modified":"2025-09-15T10:06:44","modified_gmt":"2025-09-15T09:06:44","slug":"aulas-praticas-dos-cursos-de-especializacao-em-enfermagem-arrancam-em-outubro","status":"publish","type":"post","link":"https:\/\/www.radiomais.ao\/index.php\/2025\/09\/15\/aulas-praticas-dos-cursos-de-especializacao-em-enfermagem-arrancam-em-outubro\/","title":{"rendered":"Aulas pr\u00e1ticas dos cursos de especializa\u00e7\u00e3o em enfermagem arrancam em Outubro."},"content":{"rendered":"\n<p><strong>Depois de seis meses de forma\u00e7\u00e3o, os enfermeiros dos cursos de especializa\u00e7\u00e3o em enfermagem, distribu\u00eddos por 13 prov\u00edncias das 21 existentes no pa\u00eds, come\u00e7am as aulas pr\u00e1ticas a partir do m\u00eas de Outubro. Esta ser\u00e1 uma fase crucial para avaliar a qualidade do programa, tendo em conta que permitir\u00e1 que os bolseiros actuem em ambiente hospitalar, sob supervis\u00e3o profissional \u2014 avan\u00e7ou o gestor t\u00e9cnico do programa uiP\/Pfrhs, job Monteiro<\/strong>. Fonte <strong><em><a href=\"https:\/\/www.opais.ao\/sociedade\/aulas-praticas-dos-cursos-de-especializacao-em-enfermagem-arrancam-em-outubro\/\">Opa\u00eds.<\/a><\/em><\/strong><\/p>\n\n\n\n<p><\/p>\n","protected":false},"excerpt":{"rendered":"<p>Depois de seis meses de forma\u00e7\u00e3o, os enfermeiros dos cursos de especializa\u00e7\u00e3o em enfermagem, distribu\u00eddos por 13 prov\u00edncias das 21 existentes no pa\u00eds, come\u00e7am as aulas pr\u00e1ticas a partir do m\u00eas de Outubro. Esta ser\u00e1 uma fase crucial para avaliar a qualidade do programa, tendo em conta que permitir\u00e1 que os bolseiros actuem em ambiente [&hellip;]<\/p>\n","protected":false},"author":3,"featured_media":2104,"comment_status":"open","ping_status":"open","sticky":false,"template":"","format":"standard","meta":{"footnotes":""},"categories":[16],"tags":[589,588,575],"class_list":["post-2103","post","type-post","status-publish","format-standard","has-post-thumbnail","hentry","category-actualidade","tag-arrancam-em-outubro","tag-cursos-de-especializacao","tag-enfermagem"],"blocksy_meta":[],"_links":{"self":[{"href":"https:\/\/www.radiomais.ao\/index.php\/wp-json\/wp\/v2\/posts\/2103","targetHints":{"allow":["GET"]}}],"collection":[{"href":"https:\/\/www.radiomais.ao\/index.php\/wp-json\/wp\/v2\/posts"}],"about":[{"href":"https:\/\/www.radiomais.ao\/index.php\/wp-json\/wp\/v2\/types\/post"}],"author":[{"embeddable":true,"href":"https:\/\/www.radiomais.ao\/index.php\/wp-json\/wp\/v2\/users\/3"}],"replies":[{"embeddable":true,"href":"https:\/\/www.radiomais.ao\/index.php\/wp-json\/wp\/v2\/comments?post=2103"}],"version-history":[{"count":1,"href":"https:\/\/www.radiomais.ao\/index.php\/wp-json\/wp\/v2\/posts\/2103\/revisions"}],"predecessor-version":[{"id":2105,"href":"https:\/\/www.radiomais.ao\/index.php\/wp-json\/wp\/v2\/posts\/2103\/revisions\/2105"}],"wp:featuredmedia":[{"embeddable":true,"href":"https:\/\/www.radiomais.ao\/index.php\/wp-json\/wp\/v2\/media\/2104"}],"wp:attachment":[{"href":"https:\/\/www.radiomais.ao\/index.php\/wp-json\/wp\/v2\/media?parent=2103"}],"wp:term":[{"taxonomy":"category","embeddable":true,"href":"https:\/\/www.radiomais.ao\/index.php\/wp-json\/wp\/v2\/categories?post=2103"},{"taxonomy":"post_tag","embeddable":true,"href":"https:\/\/www.radiomais.ao\/index.php\/wp-json\/wp\/v2\/tags?post=2103"}],"curies":[{"name":"wp","href":"https:\/\/api.w.org\/{rel}","templated":true}]}}