{"id":2106,"date":"2025-09-15T12:00:44","date_gmt":"2025-09-15T11:00:44","guid":{"rendered":"https:\/\/www.radiomais.ao\/?p=2106"},"modified":"2025-09-15T12:00:44","modified_gmt":"2025-09-15T11:00:44","slug":"detido-o-falso-enfermeiro-que-interrompeu-gravidez-de-7-meses-em-luanda","status":"publish","type":"post","link":"https:\/\/www.radiomais.ao\/index.php\/2025\/09\/15\/detido-o-falso-enfermeiro-que-interrompeu-gravidez-de-7-meses-em-luanda\/","title":{"rendered":"Detido o falso enfermeiro que interrompeu gravidez de 7 meses em Luanda."},"content":{"rendered":"\n<p>Est\u00e1 detido o suposto enfermeiro que interrompeu a gravidez de 7 meses de uma cidad\u00e3 de 38 anos de idade, que resultou na morte da gestante.<\/p>\n\n\n\n<p>O acusado realizou o aborto ilegal na resid\u00eancia da v\u00edtima, no passado dia 4 de setembro, no Bairro do Prenda.<\/p>\n","protected":false},"excerpt":{"rendered":"<p>Est\u00e1 detido o suposto enfermeiro que interrompeu a gravidez de 7 meses de uma cidad\u00e3 de 38 anos de idade, que resultou na morte da gestante. O acusado realizou o aborto ilegal na resid\u00eancia da v\u00edtima, no passado dia 4 de setembro, no Bairro do Prenda.<\/p>\n","protected":false},"author":3,"featured_media":2107,"comment_status":"open","ping_status":"open","sticky":false,"template":"","format":"standard","meta":{"footnotes":""},"categories":[16],"tags":[546,590],"class_list":["post-2106","post","type-post","status-publish","format-standard","has-post-thumbnail","hentry","category-actualidade","tag-detido","tag-falso-enfermeiro"],"blocksy_meta":[],"_links":{"self":[{"href":"https:\/\/www.radiomais.ao\/index.php\/wp-json\/wp\/v2\/posts\/2106","targetHints":{"allow":["GET"]}}],"collection":[{"href":"https:\/\/www.radiomais.ao\/index.php\/wp-json\/wp\/v2\/posts"}],"about":[{"href":"https:\/\/www.radiomais.ao\/index.php\/wp-json\/wp\/v2\/types\/post"}],"author":[{"embeddable":true,"href":"https:\/\/www.radiomais.ao\/index.php\/wp-json\/wp\/v2\/users\/3"}],"replies":[{"embeddable":true,"href":"https:\/\/www.radiomais.ao\/index.php\/wp-json\/wp\/v2\/comments?post=2106"}],"version-history":[{"count":1,"href":"https:\/\/www.radiomais.ao\/index.php\/wp-json\/wp\/v2\/posts\/2106\/revisions"}],"predecessor-version":[{"id":2108,"href":"https:\/\/www.radiomais.ao\/index.php\/wp-json\/wp\/v2\/posts\/2106\/revisions\/2108"}],"wp:featuredmedia":[{"embeddable":true,"href":"https:\/\/www.radiomais.ao\/index.php\/wp-json\/wp\/v2\/media\/2107"}],"wp:attachment":[{"href":"https:\/\/www.radiomais.ao\/index.php\/wp-json\/wp\/v2\/media?parent=2106"}],"wp:term":[{"taxonomy":"category","embeddable":true,"href":"https:\/\/www.radiomais.ao\/index.php\/wp-json\/wp\/v2\/categories?post=2106"},{"taxonomy":"post_tag","embeddable":true,"href":"https:\/\/www.radiomais.ao\/index.php\/wp-json\/wp\/v2\/tags?post=2106"}],"curies":[{"name":"wp","href":"https:\/\/api.w.org\/{rel}","templated":true}]}}