{"id":2112,"date":"2025-09-15T12:28:59","date_gmt":"2025-09-15T11:28:59","guid":{"rendered":"https:\/\/www.radiomais.ao\/?p=2112"},"modified":"2025-09-15T12:28:59","modified_gmt":"2025-09-15T11:28:59","slug":"a-provincia-do-cuanza-sul-celebra-hoje-108-anos-desde-a-sua-criacao-em-1917","status":"publish","type":"post","link":"https:\/\/www.radiomais.ao\/index.php\/2025\/09\/15\/a-provincia-do-cuanza-sul-celebra-hoje-108-anos-desde-a-sua-criacao-em-1917\/","title":{"rendered":"A Prov\u00edncia do Cuanza Sul celebra hoje 108 anos desde a sua cria\u00e7\u00e3o em 1917."},"content":{"rendered":"\n<p>Em entrevista exclusiva \u00e0 R\u00e1dio Mais, o Governador Narciso Benedito destacou a relev\u00e2ncia da prov\u00edncia para o pa\u00eds e comprometeu-se a transform\u00e1-la num modelo de desenvolvimento inclusivo e sustent\u00e1vel, Com uma \u00e1rea de 55.660 km\u00b2 e mais de 2 milh\u00f5es de habitantes, a Prov\u00edncia do Cuanza Sul<br>celebra hoje 108 anos desde a sua funda\u00e7\u00e3o em 1917.<\/p>\n\n\n\n<p>No cap\u00edtulo do ensino: a prov\u00edncia enfrenta desafios significativos, Embora tenha atualmente mais de 490 escolas, com uma oferta formativa diversificada, ainda h\u00e1 um longo caminho a percorrer para garantir que todas as crian\u00e7as tenham acesso \u00e0 educa\u00e7\u00e3o. Mais de 130 mil crian\u00e7as com idade escolar est\u00e3o fora do sistema de ensino. A desist\u00eancia de professores \u00e9 um problema grave, especialmente em zonas mais rec\u00f4nditas, o que afecta a qualidade da educa\u00e7\u00e3o.<\/p>\n","protected":false},"excerpt":{"rendered":"<p>Em entrevista exclusiva \u00e0 R\u00e1dio Mais, o Governador Narciso Benedito destacou a relev\u00e2ncia da prov\u00edncia para o pa\u00eds e comprometeu-se a transform\u00e1-la num modelo de desenvolvimento inclusivo e sustent\u00e1vel, Com uma \u00e1rea de 55.660 km\u00b2 e mais de 2 milh\u00f5es de habitantes, a Prov\u00edncia do Cuanza Sulcelebra hoje 108 anos desde a sua funda\u00e7\u00e3o em [&hellip;]<\/p>\n","protected":false},"author":3,"featured_media":2114,"comment_status":"open","ping_status":"open","sticky":false,"template":"","format":"standard","meta":{"footnotes":""},"categories":[16],"tags":[594,593],"class_list":["post-2112","post","type-post","status-publish","format-standard","has-post-thumbnail","hentry","category-actualidade","tag-celebra-108-anos","tag-provincia-do-cuanza-sul"],"blocksy_meta":[],"_links":{"self":[{"href":"https:\/\/www.radiomais.ao\/index.php\/wp-json\/wp\/v2\/posts\/2112","targetHints":{"allow":["GET"]}}],"collection":[{"href":"https:\/\/www.radiomais.ao\/index.php\/wp-json\/wp\/v2\/posts"}],"about":[{"href":"https:\/\/www.radiomais.ao\/index.php\/wp-json\/wp\/v2\/types\/post"}],"author":[{"embeddable":true,"href":"https:\/\/www.radiomais.ao\/index.php\/wp-json\/wp\/v2\/users\/3"}],"replies":[{"embeddable":true,"href":"https:\/\/www.radiomais.ao\/index.php\/wp-json\/wp\/v2\/comments?post=2112"}],"version-history":[{"count":1,"href":"https:\/\/www.radiomais.ao\/index.php\/wp-json\/wp\/v2\/posts\/2112\/revisions"}],"predecessor-version":[{"id":2115,"href":"https:\/\/www.radiomais.ao\/index.php\/wp-json\/wp\/v2\/posts\/2112\/revisions\/2115"}],"wp:featuredmedia":[{"embeddable":true,"href":"https:\/\/www.radiomais.ao\/index.php\/wp-json\/wp\/v2\/media\/2114"}],"wp:attachment":[{"href":"https:\/\/www.radiomais.ao\/index.php\/wp-json\/wp\/v2\/media?parent=2112"}],"wp:term":[{"taxonomy":"category","embeddable":true,"href":"https:\/\/www.radiomais.ao\/index.php\/wp-json\/wp\/v2\/categories?post=2112"},{"taxonomy":"post_tag","embeddable":true,"href":"https:\/\/www.radiomais.ao\/index.php\/wp-json\/wp\/v2\/tags?post=2112"}],"curies":[{"name":"wp","href":"https:\/\/api.w.org\/{rel}","templated":true}]}}