{"id":2116,"date":"2025-09-15T12:35:29","date_gmt":"2025-09-15T11:35:29","guid":{"rendered":"https:\/\/www.radiomais.ao\/?p=2116"},"modified":"2025-09-15T12:35:29","modified_gmt":"2025-09-15T11:35:29","slug":"cidadao-eritreu-detido-por-trafico-de-mais-de-11-mil-dolares-norte-americanos","status":"publish","type":"post","link":"https:\/\/www.radiomais.ao\/index.php\/2025\/09\/15\/cidadao-eritreu-detido-por-trafico-de-mais-de-11-mil-dolares-norte-americanos\/","title":{"rendered":"Cidad\u00e3o eritreu detido por tr\u00e1fico de mais de 11 mil d\u00f3lares norte-americanos."},"content":{"rendered":"\n<p>\u200eO Servi\u00e7o de Investiga\u00e7\u00e3o Criminal na prov\u00edncia da Lunda Norte deteve, neste s\u00e1bado, 13, um cidad\u00e3o da Eritr\u00e9ia, de 29 anos de idade, implicado no crime de tr\u00e1fico ilegal de 11 mil e 600 d\u00f3lares norte-americanos. Fonte <strong><em><a href=\"https:\/\/www.opais.ao\/destaque\/cidadao-eritreu-detido-por-trafico-de-mais-de-11-mil-dolares-norte-americanos\/\">Opa\u00eds<\/a><\/em><\/strong><\/p>\n","protected":false},"excerpt":{"rendered":"<p>\u200eO Servi\u00e7o de Investiga\u00e7\u00e3o Criminal na prov\u00edncia da Lunda Norte deteve, neste s\u00e1bado, 13, um cidad\u00e3o da Eritr\u00e9ia, de 29 anos de idade, implicado no crime de tr\u00e1fico ilegal de 11 mil e 600 d\u00f3lares norte-americanos. Fonte Opa\u00eds<\/p>\n","protected":false},"author":3,"featured_media":2117,"comment_status":"open","ping_status":"open","sticky":false,"template":"","format":"standard","meta":{"footnotes":""},"categories":[16],"tags":[596,546,595],"class_list":["post-2116","post","type-post","status-publish","format-standard","has-post-thumbnail","hentry","category-actualidade","tag-com-11-mil-usd","tag-detido","tag-eritreu"],"blocksy_meta":[],"_links":{"self":[{"href":"https:\/\/www.radiomais.ao\/index.php\/wp-json\/wp\/v2\/posts\/2116","targetHints":{"allow":["GET"]}}],"collection":[{"href":"https:\/\/www.radiomais.ao\/index.php\/wp-json\/wp\/v2\/posts"}],"about":[{"href":"https:\/\/www.radiomais.ao\/index.php\/wp-json\/wp\/v2\/types\/post"}],"author":[{"embeddable":true,"href":"https:\/\/www.radiomais.ao\/index.php\/wp-json\/wp\/v2\/users\/3"}],"replies":[{"embeddable":true,"href":"https:\/\/www.radiomais.ao\/index.php\/wp-json\/wp\/v2\/comments?post=2116"}],"version-history":[{"count":1,"href":"https:\/\/www.radiomais.ao\/index.php\/wp-json\/wp\/v2\/posts\/2116\/revisions"}],"predecessor-version":[{"id":2118,"href":"https:\/\/www.radiomais.ao\/index.php\/wp-json\/wp\/v2\/posts\/2116\/revisions\/2118"}],"wp:featuredmedia":[{"embeddable":true,"href":"https:\/\/www.radiomais.ao\/index.php\/wp-json\/wp\/v2\/media\/2117"}],"wp:attachment":[{"href":"https:\/\/www.radiomais.ao\/index.php\/wp-json\/wp\/v2\/media?parent=2116"}],"wp:term":[{"taxonomy":"category","embeddable":true,"href":"https:\/\/www.radiomais.ao\/index.php\/wp-json\/wp\/v2\/categories?post=2116"},{"taxonomy":"post_tag","embeddable":true,"href":"https:\/\/www.radiomais.ao\/index.php\/wp-json\/wp\/v2\/tags?post=2116"}],"curies":[{"name":"wp","href":"https:\/\/api.w.org\/{rel}","templated":true}]}}