{"id":2119,"date":"2025-09-15T12:45:48","date_gmt":"2025-09-15T11:45:48","guid":{"rendered":"https:\/\/www.radiomais.ao\/?p=2119"},"modified":"2025-09-15T12:45:48","modified_gmt":"2025-09-15T11:45:48","slug":"guilherme-galiano-enluta-jornalismo-angolano","status":"publish","type":"post","link":"https:\/\/www.radiomais.ao\/index.php\/2025\/09\/15\/guilherme-galiano-enluta-jornalismo-angolano\/","title":{"rendered":"Guilherme Galiano enluta jornalismo angolano."},"content":{"rendered":"\n<p>O jornalista angolano Guilherme Galiano e antigo PCA da TV Zimbo morreu na madrugada de domingo, em Lisboa (Portugal), v\u00edtima de doen\u00e7a, aos 64 anos. De acordo com a TV Zimbo, em onze anos de trabalho naquela esta\u00e7\u00e3o televisiva, o malogrado exerceu tamb\u00e9m as fun\u00e7\u00f5es de director de informa\u00e7\u00e3o e director de projectos especiais. Fonte<strong><em><a href=\"https:\/\/www.opais.ao\/sociedade\/guilherme-galiano-enluta-jornalismo-angolano\/\"> Opa\u00eds<\/a><\/em><\/strong><\/p>\n","protected":false},"excerpt":{"rendered":"<p>O jornalista angolano Guilherme Galiano e antigo PCA da TV Zimbo morreu na madrugada de domingo, em Lisboa (Portugal), v\u00edtima de doen\u00e7a, aos 64 anos. De acordo com a TV Zimbo, em onze anos de trabalho naquela esta\u00e7\u00e3o televisiva, o malogrado exerceu tamb\u00e9m as fun\u00e7\u00f5es de director de informa\u00e7\u00e3o e director de projectos especiais. Fonte [&hellip;]<\/p>\n","protected":false},"author":3,"featured_media":2120,"comment_status":"open","ping_status":"open","sticky":false,"template":"","format":"standard","meta":{"footnotes":""},"categories":[16],"tags":[597],"class_list":["post-2119","post","type-post","status-publish","format-standard","has-post-thumbnail","hentry","category-actualidade","tag-guilherme-galiano"],"blocksy_meta":[],"_links":{"self":[{"href":"https:\/\/www.radiomais.ao\/index.php\/wp-json\/wp\/v2\/posts\/2119","targetHints":{"allow":["GET"]}}],"collection":[{"href":"https:\/\/www.radiomais.ao\/index.php\/wp-json\/wp\/v2\/posts"}],"about":[{"href":"https:\/\/www.radiomais.ao\/index.php\/wp-json\/wp\/v2\/types\/post"}],"author":[{"embeddable":true,"href":"https:\/\/www.radiomais.ao\/index.php\/wp-json\/wp\/v2\/users\/3"}],"replies":[{"embeddable":true,"href":"https:\/\/www.radiomais.ao\/index.php\/wp-json\/wp\/v2\/comments?post=2119"}],"version-history":[{"count":1,"href":"https:\/\/www.radiomais.ao\/index.php\/wp-json\/wp\/v2\/posts\/2119\/revisions"}],"predecessor-version":[{"id":2121,"href":"https:\/\/www.radiomais.ao\/index.php\/wp-json\/wp\/v2\/posts\/2119\/revisions\/2121"}],"wp:featuredmedia":[{"embeddable":true,"href":"https:\/\/www.radiomais.ao\/index.php\/wp-json\/wp\/v2\/media\/2120"}],"wp:attachment":[{"href":"https:\/\/www.radiomais.ao\/index.php\/wp-json\/wp\/v2\/media?parent=2119"}],"wp:term":[{"taxonomy":"category","embeddable":true,"href":"https:\/\/www.radiomais.ao\/index.php\/wp-json\/wp\/v2\/categories?post=2119"},{"taxonomy":"post_tag","embeddable":true,"href":"https:\/\/www.radiomais.ao\/index.php\/wp-json\/wp\/v2\/tags?post=2119"}],"curies":[{"name":"wp","href":"https:\/\/api.w.org\/{rel}","templated":true}]}}