{"id":2125,"date":"2025-09-15T13:06:48","date_gmt":"2025-09-15T12:06:48","guid":{"rendered":"https:\/\/www.radiomais.ao\/?p=2125"},"modified":"2025-09-15T13:06:48","modified_gmt":"2025-09-15T12:06:48","slug":"detido-neto-suspeito-de-assassinar-a-avo-com-chave-de-fenda-em-malanje","status":"publish","type":"post","link":"https:\/\/www.radiomais.ao\/index.php\/2025\/09\/15\/detido-neto-suspeito-de-assassinar-a-avo-com-chave-de-fenda-em-malanje\/","title":{"rendered":"\u200eDetido neto suspeito de assassinar a av\u00f3 com chave de fenda em Malanje."},"content":{"rendered":"\n<p>\u200eUm cidad\u00e3o nacional, de 26 anos de idade, comummente tratado por \u201cGalo Das 5\u201d, foi detido recentemente pelo Servi\u00e7o de Investiga\u00e7\u00e3o Criminal em Malanje, por fortes ind\u00edcios no crime de homic\u00eddio qualificado, em que foi v\u00edtima uma anci\u00e3 de 82 anos de idade, que em vida respondia pelo nome de Santa Mangumbala, por sinal, av\u00f3 do acusado. Fonte <strong><em>Opa\u00eds<\/em><\/strong><\/p>\n","protected":false},"excerpt":{"rendered":"<p>\u200eUm cidad\u00e3o nacional, de 26 anos de idade, comummente tratado por \u201cGalo Das 5\u201d, foi detido recentemente pelo Servi\u00e7o de Investiga\u00e7\u00e3o Criminal em Malanje, por fortes ind\u00edcios no crime de homic\u00eddio qualificado, em que foi v\u00edtima uma anci\u00e3 de 82 anos de idade, que em vida respondia pelo nome de Santa Mangumbala, por sinal, av\u00f3 [&hellip;]<\/p>\n","protected":false},"author":3,"featured_media":2126,"comment_status":"open","ping_status":"open","sticky":false,"template":"","format":"standard","meta":{"footnotes":""},"categories":[16],"tags":[602,601],"class_list":["post-2125","post","type-post","status-publish","format-standard","has-post-thumbnail","hentry","category-actualidade","tag-com-chaves-de-fenda","tag-neto-mata-avo"],"blocksy_meta":[],"_links":{"self":[{"href":"https:\/\/www.radiomais.ao\/index.php\/wp-json\/wp\/v2\/posts\/2125","targetHints":{"allow":["GET"]}}],"collection":[{"href":"https:\/\/www.radiomais.ao\/index.php\/wp-json\/wp\/v2\/posts"}],"about":[{"href":"https:\/\/www.radiomais.ao\/index.php\/wp-json\/wp\/v2\/types\/post"}],"author":[{"embeddable":true,"href":"https:\/\/www.radiomais.ao\/index.php\/wp-json\/wp\/v2\/users\/3"}],"replies":[{"embeddable":true,"href":"https:\/\/www.radiomais.ao\/index.php\/wp-json\/wp\/v2\/comments?post=2125"}],"version-history":[{"count":1,"href":"https:\/\/www.radiomais.ao\/index.php\/wp-json\/wp\/v2\/posts\/2125\/revisions"}],"predecessor-version":[{"id":2127,"href":"https:\/\/www.radiomais.ao\/index.php\/wp-json\/wp\/v2\/posts\/2125\/revisions\/2127"}],"wp:featuredmedia":[{"embeddable":true,"href":"https:\/\/www.radiomais.ao\/index.php\/wp-json\/wp\/v2\/media\/2126"}],"wp:attachment":[{"href":"https:\/\/www.radiomais.ao\/index.php\/wp-json\/wp\/v2\/media?parent=2125"}],"wp:term":[{"taxonomy":"category","embeddable":true,"href":"https:\/\/www.radiomais.ao\/index.php\/wp-json\/wp\/v2\/categories?post=2125"},{"taxonomy":"post_tag","embeddable":true,"href":"https:\/\/www.radiomais.ao\/index.php\/wp-json\/wp\/v2\/tags?post=2125"}],"curies":[{"name":"wp","href":"https:\/\/api.w.org\/{rel}","templated":true}]}}