{"id":2128,"date":"2025-09-15T13:17:40","date_gmt":"2025-09-15T12:17:40","guid":{"rendered":"https:\/\/www.radiomais.ao\/?p=2128"},"modified":"2025-09-15T13:17:40","modified_gmt":"2025-09-15T12:17:40","slug":"executivo-lanca-amanha-plataforma-para-simplificar-e-digitalizar-concessao-de-terrenos","status":"publish","type":"post","link":"https:\/\/www.radiomais.ao\/index.php\/2025\/09\/15\/executivo-lanca-amanha-plataforma-para-simplificar-e-digitalizar-concessao-de-terrenos\/","title":{"rendered":"Executivo lan\u00e7a amanh\u00e3 plataforma para simplificar e digitalizar concess\u00e3o de terrenos."},"content":{"rendered":"\n<p>O Executivo vai lan\u00e7ar, nesta ter\u00e7a-feira, 16, a Janela \u00danica de Concess\u00e3o de Direitos Fundi\u00e1rios (JUCDF)\u2014, uma nova plataforma digital que visa simplificar e agilizar o processo de aquisi\u00e7\u00e3o e gest\u00e3o de terrenos em Angola. Fonte <strong><em><a href=\"https:\/\/www.opais.ao\/sociedade\/executivo-lanca-amanha-plataforma-para-simplificar-e-digitalizar-concessao-de-terrenos\/\">Opa\u00eds<\/a><\/em><\/strong><\/p>\n","protected":false},"excerpt":{"rendered":"<p>O Executivo vai lan\u00e7ar, nesta ter\u00e7a-feira, 16, a Janela \u00danica de Concess\u00e3o de Direitos Fundi\u00e1rios (JUCDF)\u2014, uma nova plataforma digital que visa simplificar e agilizar o processo de aquisi\u00e7\u00e3o e gest\u00e3o de terrenos em Angola. Fonte Opa\u00eds<\/p>\n","protected":false},"author":3,"featured_media":2129,"comment_status":"open","ping_status":"open","sticky":false,"template":"","format":"standard","meta":{"footnotes":""},"categories":[16],"tags":[603,604],"class_list":["post-2128","post","type-post","status-publish","format-standard","has-post-thumbnail","hentry","category-actualidade","tag-plataforma-digitalizar","tag-terrenos"],"blocksy_meta":[],"_links":{"self":[{"href":"https:\/\/www.radiomais.ao\/index.php\/wp-json\/wp\/v2\/posts\/2128","targetHints":{"allow":["GET"]}}],"collection":[{"href":"https:\/\/www.radiomais.ao\/index.php\/wp-json\/wp\/v2\/posts"}],"about":[{"href":"https:\/\/www.radiomais.ao\/index.php\/wp-json\/wp\/v2\/types\/post"}],"author":[{"embeddable":true,"href":"https:\/\/www.radiomais.ao\/index.php\/wp-json\/wp\/v2\/users\/3"}],"replies":[{"embeddable":true,"href":"https:\/\/www.radiomais.ao\/index.php\/wp-json\/wp\/v2\/comments?post=2128"}],"version-history":[{"count":1,"href":"https:\/\/www.radiomais.ao\/index.php\/wp-json\/wp\/v2\/posts\/2128\/revisions"}],"predecessor-version":[{"id":2130,"href":"https:\/\/www.radiomais.ao\/index.php\/wp-json\/wp\/v2\/posts\/2128\/revisions\/2130"}],"wp:featuredmedia":[{"embeddable":true,"href":"https:\/\/www.radiomais.ao\/index.php\/wp-json\/wp\/v2\/media\/2129"}],"wp:attachment":[{"href":"https:\/\/www.radiomais.ao\/index.php\/wp-json\/wp\/v2\/media?parent=2128"}],"wp:term":[{"taxonomy":"category","embeddable":true,"href":"https:\/\/www.radiomais.ao\/index.php\/wp-json\/wp\/v2\/categories?post=2128"},{"taxonomy":"post_tag","embeddable":true,"href":"https:\/\/www.radiomais.ao\/index.php\/wp-json\/wp\/v2\/tags?post=2128"}],"curies":[{"name":"wp","href":"https:\/\/api.w.org\/{rel}","templated":true}]}}