{"id":2134,"date":"2025-09-16T14:38:20","date_gmt":"2025-09-16T13:38:20","guid":{"rendered":"https:\/\/www.radiomais.ao\/?p=2134"},"modified":"2025-09-16T14:38:20","modified_gmt":"2025-09-16T13:38:20","slug":"presidente-da-republica-a-caminho-dos-estados-unidos-da-america","status":"publish","type":"post","link":"https:\/\/www.radiomais.ao\/index.php\/2025\/09\/16\/presidente-da-republica-a-caminho-dos-estados-unidos-da-america\/","title":{"rendered":"Presidente da Rep\u00fablica a caminho dos Estados Unidos da Am\u00e9rica."},"content":{"rendered":"\n<p>O Chefe de Estado angolano, Jo\u00e3o Louren\u00e7o, deixou o pa\u00eds, nas primeiras horas desta ter\u00e7a-feira, 16, rumo aos Estados Unidos da Am\u00e9rica, onde vai participar da 80\u00aa Assembleia Geral da Organiza\u00e7\u00e3o das Na\u00e7\u00f5es Unidas (ONU), que acontecer\u00e1 no dia 23 de setembro, na sede da institui\u00e7\u00e3o, em Nova Iorque. Fonte <strong><em><a href=\"https:\/\/www.opais.ao\/politica\/presidente-da-republica-a-caminho-dos-estados-unidos-da-america\/\">Opa\u00eds<\/a><\/em><\/strong><\/p>\n","protected":false},"excerpt":{"rendered":"<p>O Chefe de Estado angolano, Jo\u00e3o Louren\u00e7o, deixou o pa\u00eds, nas primeiras horas desta ter\u00e7a-feira, 16, rumo aos Estados Unidos da Am\u00e9rica, onde vai participar da 80\u00aa Assembleia Geral da Organiza\u00e7\u00e3o das Na\u00e7\u00f5es Unidas (ONU), que acontecer\u00e1 no dia 23 de setembro, na sede da institui\u00e7\u00e3o, em Nova Iorque. Fonte Opa\u00eds<\/p>\n","protected":false},"author":3,"featured_media":2135,"comment_status":"open","ping_status":"open","sticky":false,"template":"","format":"standard","meta":{"footnotes":""},"categories":[16],"tags":[607,132],"class_list":["post-2134","post","type-post","status-publish","format-standard","has-post-thumbnail","hentry","category-actualidade","tag-eua","tag-pr"],"blocksy_meta":[],"_links":{"self":[{"href":"https:\/\/www.radiomais.ao\/index.php\/wp-json\/wp\/v2\/posts\/2134","targetHints":{"allow":["GET"]}}],"collection":[{"href":"https:\/\/www.radiomais.ao\/index.php\/wp-json\/wp\/v2\/posts"}],"about":[{"href":"https:\/\/www.radiomais.ao\/index.php\/wp-json\/wp\/v2\/types\/post"}],"author":[{"embeddable":true,"href":"https:\/\/www.radiomais.ao\/index.php\/wp-json\/wp\/v2\/users\/3"}],"replies":[{"embeddable":true,"href":"https:\/\/www.radiomais.ao\/index.php\/wp-json\/wp\/v2\/comments?post=2134"}],"version-history":[{"count":1,"href":"https:\/\/www.radiomais.ao\/index.php\/wp-json\/wp\/v2\/posts\/2134\/revisions"}],"predecessor-version":[{"id":2136,"href":"https:\/\/www.radiomais.ao\/index.php\/wp-json\/wp\/v2\/posts\/2134\/revisions\/2136"}],"wp:featuredmedia":[{"embeddable":true,"href":"https:\/\/www.radiomais.ao\/index.php\/wp-json\/wp\/v2\/media\/2135"}],"wp:attachment":[{"href":"https:\/\/www.radiomais.ao\/index.php\/wp-json\/wp\/v2\/media?parent=2134"}],"wp:term":[{"taxonomy":"category","embeddable":true,"href":"https:\/\/www.radiomais.ao\/index.php\/wp-json\/wp\/v2\/categories?post=2134"},{"taxonomy":"post_tag","embeddable":true,"href":"https:\/\/www.radiomais.ao\/index.php\/wp-json\/wp\/v2\/tags?post=2134"}],"curies":[{"name":"wp","href":"https:\/\/api.w.org\/{rel}","templated":true}]}}