{"id":2137,"date":"2025-09-16T14:48:46","date_gmt":"2025-09-16T13:48:46","guid":{"rendered":"https:\/\/www.radiomais.ao\/?p=2137"},"modified":"2025-09-16T14:48:46","modified_gmt":"2025-09-16T13:48:46","slug":"angola-reforca-cooperacao-com-cuba-e-espanha","status":"publish","type":"post","link":"https:\/\/www.radiomais.ao\/index.php\/2025\/09\/16\/angola-reforca-cooperacao-com-cuba-e-espanha\/","title":{"rendered":"Angola refor\u00e7a coopera\u00e7\u00e3o com Cuba e Espanha."},"content":{"rendered":"\n<p>O Presidente da Rep\u00fablica, Jo\u00e3o Louren\u00e7o, recebeu, ontem, em audi\u00eancias separadas, o embaixador do Reino de Espanha acreditado em Angola, Manuel Maria Lejarreta Lobo, e o embaixador de Cuba em Angola, \u00d3scar Le\u00f3n Gonzalez. Fonte <strong><em><a href=\"https:\/\/www.opais.ao\/politica\/angola-reforca-cooperacao-com-cuba-e-espanha\/\">Opa\u00eds<\/a><\/em><\/strong><\/p>\n","protected":false},"excerpt":{"rendered":"<p>O Presidente da Rep\u00fablica, Jo\u00e3o Louren\u00e7o, recebeu, ontem, em audi\u00eancias separadas, o embaixador do Reino de Espanha acreditado em Angola, Manuel Maria Lejarreta Lobo, e o embaixador de Cuba em Angola, \u00d3scar Le\u00f3n Gonzalez. Fonte Opa\u00eds<\/p>\n","protected":false},"author":3,"featured_media":2138,"comment_status":"open","ping_status":"open","sticky":false,"template":"","format":"standard","meta":{"footnotes":""},"categories":[16],"tags":[75,283,561],"class_list":["post-2137","post","type-post","status-publish","format-standard","has-post-thumbnail","hentry","category-actualidade","tag-angola","tag-cooperacao","tag-cuba"],"blocksy_meta":[],"_links":{"self":[{"href":"https:\/\/www.radiomais.ao\/index.php\/wp-json\/wp\/v2\/posts\/2137","targetHints":{"allow":["GET"]}}],"collection":[{"href":"https:\/\/www.radiomais.ao\/index.php\/wp-json\/wp\/v2\/posts"}],"about":[{"href":"https:\/\/www.radiomais.ao\/index.php\/wp-json\/wp\/v2\/types\/post"}],"author":[{"embeddable":true,"href":"https:\/\/www.radiomais.ao\/index.php\/wp-json\/wp\/v2\/users\/3"}],"replies":[{"embeddable":true,"href":"https:\/\/www.radiomais.ao\/index.php\/wp-json\/wp\/v2\/comments?post=2137"}],"version-history":[{"count":1,"href":"https:\/\/www.radiomais.ao\/index.php\/wp-json\/wp\/v2\/posts\/2137\/revisions"}],"predecessor-version":[{"id":2139,"href":"https:\/\/www.radiomais.ao\/index.php\/wp-json\/wp\/v2\/posts\/2137\/revisions\/2139"}],"wp:featuredmedia":[{"embeddable":true,"href":"https:\/\/www.radiomais.ao\/index.php\/wp-json\/wp\/v2\/media\/2138"}],"wp:attachment":[{"href":"https:\/\/www.radiomais.ao\/index.php\/wp-json\/wp\/v2\/media?parent=2137"}],"wp:term":[{"taxonomy":"category","embeddable":true,"href":"https:\/\/www.radiomais.ao\/index.php\/wp-json\/wp\/v2\/categories?post=2137"},{"taxonomy":"post_tag","embeddable":true,"href":"https:\/\/www.radiomais.ao\/index.php\/wp-json\/wp\/v2\/tags?post=2137"}],"curies":[{"name":"wp","href":"https:\/\/api.w.org\/{rel}","templated":true}]}}