{"id":2140,"date":"2025-09-16T14:58:06","date_gmt":"2025-09-16T13:58:06","guid":{"rendered":"https:\/\/www.radiomais.ao\/?p=2140"},"modified":"2025-09-16T14:58:06","modified_gmt":"2025-09-16T13:58:06","slug":"fmi-alerta-ser-arriscado-angola-adiar-o-corte-dos-subsidios-aos-combustiveis-ate-2028","status":"publish","type":"post","link":"https:\/\/www.radiomais.ao\/index.php\/2025\/09\/16\/fmi-alerta-ser-arriscado-angola-adiar-o-corte-dos-subsidios-aos-combustiveis-ate-2028\/","title":{"rendered":"FMI alerta ser arriscado Angola adiar o corte dos subs\u00eddios aos combust\u00edveis at\u00e9 2028."},"content":{"rendered":"\n<p><strong>Ap\u00f3s a conclus\u00e3o da avalia\u00e7\u00e3o P\u00f3s-Financiamento de 2025 com Angola, realizada recentemente, o Fundo Monet\u00e1rio Internacional concluiu que o adiamento da reforma dos subs\u00eddios aos combust\u00edveis para at\u00e9 2028, uma medida manifestada pelo Governo angolano, pode ser arriscada e elevar mais os riscos \u00e0 capacidade de pagamento das d\u00edvidas de Angola ao Fundo. O FMI recomendou, h\u00e1 j\u00e1 algum tempo, o corte dos subs\u00eddios at\u00e9 2025<\/strong>. Fonte <strong><em><a href=\"https:\/\/www.opais.ao\/economia\/fmi-alerta-ser-arriscado-angola-adiar-o-corte-dos-subsidios-aos-combustiveis-ate-2028\/\">Opa\u00eds<\/a><\/em><\/strong><\/p>\n","protected":false},"excerpt":{"rendered":"<p>Ap\u00f3s a conclus\u00e3o da avalia\u00e7\u00e3o P\u00f3s-Financiamento de 2025 com Angola, realizada recentemente, o Fundo Monet\u00e1rio Internacional concluiu que o adiamento da reforma dos subs\u00eddios aos combust\u00edveis para at\u00e9 2028, uma medida manifestada pelo Governo angolano, pode ser arriscada e elevar mais os riscos \u00e0 capacidade de pagamento das d\u00edvidas de Angola ao Fundo. O FMI [&hellip;]<\/p>\n","protected":false},"author":3,"featured_media":2141,"comment_status":"open","ping_status":"open","sticky":false,"template":"","format":"standard","meta":{"footnotes":""},"categories":[16],"tags":[608],"class_list":["post-2140","post","type-post","status-publish","format-standard","has-post-thumbnail","hentry","category-actualidade","tag-subiscidios-de-combustiveis"],"blocksy_meta":[],"_links":{"self":[{"href":"https:\/\/www.radiomais.ao\/index.php\/wp-json\/wp\/v2\/posts\/2140","targetHints":{"allow":["GET"]}}],"collection":[{"href":"https:\/\/www.radiomais.ao\/index.php\/wp-json\/wp\/v2\/posts"}],"about":[{"href":"https:\/\/www.radiomais.ao\/index.php\/wp-json\/wp\/v2\/types\/post"}],"author":[{"embeddable":true,"href":"https:\/\/www.radiomais.ao\/index.php\/wp-json\/wp\/v2\/users\/3"}],"replies":[{"embeddable":true,"href":"https:\/\/www.radiomais.ao\/index.php\/wp-json\/wp\/v2\/comments?post=2140"}],"version-history":[{"count":1,"href":"https:\/\/www.radiomais.ao\/index.php\/wp-json\/wp\/v2\/posts\/2140\/revisions"}],"predecessor-version":[{"id":2142,"href":"https:\/\/www.radiomais.ao\/index.php\/wp-json\/wp\/v2\/posts\/2140\/revisions\/2142"}],"wp:featuredmedia":[{"embeddable":true,"href":"https:\/\/www.radiomais.ao\/index.php\/wp-json\/wp\/v2\/media\/2141"}],"wp:attachment":[{"href":"https:\/\/www.radiomais.ao\/index.php\/wp-json\/wp\/v2\/media?parent=2140"}],"wp:term":[{"taxonomy":"category","embeddable":true,"href":"https:\/\/www.radiomais.ao\/index.php\/wp-json\/wp\/v2\/categories?post=2140"},{"taxonomy":"post_tag","embeddable":true,"href":"https:\/\/www.radiomais.ao\/index.php\/wp-json\/wp\/v2\/tags?post=2140"}],"curies":[{"name":"wp","href":"https:\/\/api.w.org\/{rel}","templated":true}]}}