{"id":2143,"date":"2025-09-16T15:04:22","date_gmt":"2025-09-16T14:04:22","guid":{"rendered":"https:\/\/www.radiomais.ao\/?p=2143"},"modified":"2025-09-16T15:04:22","modified_gmt":"2025-09-16T14:04:22","slug":"luanda-acolhe-1o-forum-ambiental-sobre-financiamento-sustentavel-e-transicao-carbonica","status":"publish","type":"post","link":"https:\/\/www.radiomais.ao\/index.php\/2025\/09\/16\/luanda-acolhe-1o-forum-ambiental-sobre-financiamento-sustentavel-e-transicao-carbonica\/","title":{"rendered":"Luanda acolhe 1\u00ba F\u00f3rum Ambiental sobre Financiamento Sustent\u00e1vel e Transi\u00e7\u00e3o Carb\u00f3nica."},"content":{"rendered":"\n<p>O 1.\u00ba F\u00f3rum Ambiental sobre Financiamento Sustent\u00e1vel e Transi\u00e7\u00e3o Carb\u00f3nica realiza-se no dia 9 de Outubro do corrente ano numa das unidades hoteleiras de Luanda. Fonte <strong><em><a href=\"https:\/\/www.opais.ao\/economia\/luanda-acolhe-1o-forum-ambiental-sobre-financiamento-sustentavel-e-transicao-carbonica\/\">Opa\u00eds<\/a><\/em><\/strong><\/p>\n","protected":false},"excerpt":{"rendered":"<p>O 1.\u00ba F\u00f3rum Ambiental sobre Financiamento Sustent\u00e1vel e Transi\u00e7\u00e3o Carb\u00f3nica realiza-se no dia 9 de Outubro do corrente ano numa das unidades hoteleiras de Luanda. Fonte Opa\u00eds<\/p>\n","protected":false},"author":3,"featured_media":2144,"comment_status":"open","ping_status":"open","sticky":false,"template":"","format":"standard","meta":{"footnotes":""},"categories":[16],"tags":[609,87,610],"class_list":["post-2143","post","type-post","status-publish","format-standard","has-post-thumbnail","hentry","category-actualidade","tag-acolhe-forum-sustentavel","tag-luanda","tag-transicao-carbonica"],"blocksy_meta":[],"_links":{"self":[{"href":"https:\/\/www.radiomais.ao\/index.php\/wp-json\/wp\/v2\/posts\/2143","targetHints":{"allow":["GET"]}}],"collection":[{"href":"https:\/\/www.radiomais.ao\/index.php\/wp-json\/wp\/v2\/posts"}],"about":[{"href":"https:\/\/www.radiomais.ao\/index.php\/wp-json\/wp\/v2\/types\/post"}],"author":[{"embeddable":true,"href":"https:\/\/www.radiomais.ao\/index.php\/wp-json\/wp\/v2\/users\/3"}],"replies":[{"embeddable":true,"href":"https:\/\/www.radiomais.ao\/index.php\/wp-json\/wp\/v2\/comments?post=2143"}],"version-history":[{"count":1,"href":"https:\/\/www.radiomais.ao\/index.php\/wp-json\/wp\/v2\/posts\/2143\/revisions"}],"predecessor-version":[{"id":2145,"href":"https:\/\/www.radiomais.ao\/index.php\/wp-json\/wp\/v2\/posts\/2143\/revisions\/2145"}],"wp:featuredmedia":[{"embeddable":true,"href":"https:\/\/www.radiomais.ao\/index.php\/wp-json\/wp\/v2\/media\/2144"}],"wp:attachment":[{"href":"https:\/\/www.radiomais.ao\/index.php\/wp-json\/wp\/v2\/media?parent=2143"}],"wp:term":[{"taxonomy":"category","embeddable":true,"href":"https:\/\/www.radiomais.ao\/index.php\/wp-json\/wp\/v2\/categories?post=2143"},{"taxonomy":"post_tag","embeddable":true,"href":"https:\/\/www.radiomais.ao\/index.php\/wp-json\/wp\/v2\/tags?post=2143"}],"curies":[{"name":"wp","href":"https:\/\/api.w.org\/{rel}","templated":true}]}}