{"id":2146,"date":"2025-09-16T15:10:12","date_gmt":"2025-09-16T14:10:12","guid":{"rendered":"https:\/\/www.radiomais.ao\/?p=2146"},"modified":"2025-09-16T15:10:12","modified_gmt":"2025-09-16T14:10:12","slug":"homem-detido-no-bailundo-por-homicidio-da-filha-de-11-meses","status":"publish","type":"post","link":"https:\/\/www.radiomais.ao\/index.php\/2025\/09\/16\/homem-detido-no-bailundo-por-homicidio-da-filha-de-11-meses\/","title":{"rendered":"Homem detido no Bailundo por homic\u00eddio da filha de 11 meses."},"content":{"rendered":"\n<p>A Pol\u00edcia Nacional deteve, no munic\u00edpio de Bailundo, um homem de 23 anos suspeito de ter asfixiado a pr\u00f3pria filha de 11 meses. O crime teria ocorrido na localidade de Ombala Tchipule e a deten\u00e7\u00e3o foi realizada no dia 14 de setembro de 2025. Fonte <strong><em><a href=\"https:\/\/www.opais.ao\/sociedade\/homem-detido-no-bailundo-por-homicidio-da-filha-de-11-meses\/\">Opa\u00eds<\/a><\/em><\/strong><\/p>\n","protected":false},"excerpt":{"rendered":"<p>A Pol\u00edcia Nacional deteve, no munic\u00edpio de Bailundo, um homem de 23 anos suspeito de ter asfixiado a pr\u00f3pria filha de 11 meses. O crime teria ocorrido na localidade de Ombala Tchipule e a deten\u00e7\u00e3o foi realizada no dia 14 de setembro de 2025. Fonte Opa\u00eds<\/p>\n","protected":false},"author":3,"featured_media":2147,"comment_status":"open","ping_status":"open","sticky":false,"template":"","format":"standard","meta":{"footnotes":""},"categories":[16],"tags":[185,611],"class_list":["post-2146","post","type-post","status-publish","format-standard","has-post-thumbnail","hentry","category-actualidade","tag-homem","tag-mata-filhs-de-11-meses"],"blocksy_meta":[],"_links":{"self":[{"href":"https:\/\/www.radiomais.ao\/index.php\/wp-json\/wp\/v2\/posts\/2146","targetHints":{"allow":["GET"]}}],"collection":[{"href":"https:\/\/www.radiomais.ao\/index.php\/wp-json\/wp\/v2\/posts"}],"about":[{"href":"https:\/\/www.radiomais.ao\/index.php\/wp-json\/wp\/v2\/types\/post"}],"author":[{"embeddable":true,"href":"https:\/\/www.radiomais.ao\/index.php\/wp-json\/wp\/v2\/users\/3"}],"replies":[{"embeddable":true,"href":"https:\/\/www.radiomais.ao\/index.php\/wp-json\/wp\/v2\/comments?post=2146"}],"version-history":[{"count":1,"href":"https:\/\/www.radiomais.ao\/index.php\/wp-json\/wp\/v2\/posts\/2146\/revisions"}],"predecessor-version":[{"id":2148,"href":"https:\/\/www.radiomais.ao\/index.php\/wp-json\/wp\/v2\/posts\/2146\/revisions\/2148"}],"wp:featuredmedia":[{"embeddable":true,"href":"https:\/\/www.radiomais.ao\/index.php\/wp-json\/wp\/v2\/media\/2147"}],"wp:attachment":[{"href":"https:\/\/www.radiomais.ao\/index.php\/wp-json\/wp\/v2\/media?parent=2146"}],"wp:term":[{"taxonomy":"category","embeddable":true,"href":"https:\/\/www.radiomais.ao\/index.php\/wp-json\/wp\/v2\/categories?post=2146"},{"taxonomy":"post_tag","embeddable":true,"href":"https:\/\/www.radiomais.ao\/index.php\/wp-json\/wp\/v2\/tags?post=2146"}],"curies":[{"name":"wp","href":"https:\/\/api.w.org\/{rel}","templated":true}]}}