{"id":2155,"date":"2025-09-16T15:32:38","date_gmt":"2025-09-16T14:32:38","guid":{"rendered":"https:\/\/www.radiomais.ao\/?p=2155"},"modified":"2025-09-16T15:32:38","modified_gmt":"2025-09-16T14:32:38","slug":"cidadao-mata-amigo-com-tres-disparos-de-arma-de-fogo-por-motivos-passionais","status":"publish","type":"post","link":"https:\/\/www.radiomais.ao\/index.php\/2025\/09\/16\/cidadao-mata-amigo-com-tres-disparos-de-arma-de-fogo-por-motivos-passionais\/","title":{"rendered":"Cidad\u00e3o mata amigo com tr\u00eas disparos de arma de fogo por motivos passionais."},"content":{"rendered":"\n<p>O facto, de acordo com algumas publica\u00e7\u00f5es que ganharam express\u00e3o na rede social Facebook, ocorreu ontem, por volta das 15 horas, nas imedia\u00e7\u00f5es dos 4 campos, no Luanda Sul, munic\u00edpio de Viana, em Luanda, quando a v\u00edtima encontrava-se no interior de um bar a conviver com a suposta ex-namorada do suspeito. Fonte<strong><em><a href=\"https:\/\/www.opais.ao\/sociedade\/cidadao-mata-amigo-com-tres-disparos-de-arma-de-fogo-por-motivos-passionais\/\"> Opa\u00eds<\/a><\/em><\/strong><\/p>\n\n\n\n<p><\/p>\n","protected":false},"excerpt":{"rendered":"<p>O facto, de acordo com algumas publica\u00e7\u00f5es que ganharam express\u00e3o na rede social Facebook, ocorreu ontem, por volta das 15 horas, nas imedia\u00e7\u00f5es dos 4 campos, no Luanda Sul, munic\u00edpio de Viana, em Luanda, quando a v\u00edtima encontrava-se no interior de um bar a conviver com a suposta ex-namorada do suspeito. Fonte Opa\u00eds<\/p>\n","protected":false},"author":3,"featured_media":2156,"comment_status":"open","ping_status":"open","sticky":false,"template":"","format":"standard","meta":{"footnotes":""},"categories":[16],"tags":[618,616,617],"class_list":["post-2155","post","type-post","status-publish","format-standard","has-post-thumbnail","hentry","category-actualidade","tag-3-tiros","tag-amigo","tag-morto"],"blocksy_meta":[],"_links":{"self":[{"href":"https:\/\/www.radiomais.ao\/index.php\/wp-json\/wp\/v2\/posts\/2155","targetHints":{"allow":["GET"]}}],"collection":[{"href":"https:\/\/www.radiomais.ao\/index.php\/wp-json\/wp\/v2\/posts"}],"about":[{"href":"https:\/\/www.radiomais.ao\/index.php\/wp-json\/wp\/v2\/types\/post"}],"author":[{"embeddable":true,"href":"https:\/\/www.radiomais.ao\/index.php\/wp-json\/wp\/v2\/users\/3"}],"replies":[{"embeddable":true,"href":"https:\/\/www.radiomais.ao\/index.php\/wp-json\/wp\/v2\/comments?post=2155"}],"version-history":[{"count":1,"href":"https:\/\/www.radiomais.ao\/index.php\/wp-json\/wp\/v2\/posts\/2155\/revisions"}],"predecessor-version":[{"id":2157,"href":"https:\/\/www.radiomais.ao\/index.php\/wp-json\/wp\/v2\/posts\/2155\/revisions\/2157"}],"wp:featuredmedia":[{"embeddable":true,"href":"https:\/\/www.radiomais.ao\/index.php\/wp-json\/wp\/v2\/media\/2156"}],"wp:attachment":[{"href":"https:\/\/www.radiomais.ao\/index.php\/wp-json\/wp\/v2\/media?parent=2155"}],"wp:term":[{"taxonomy":"category","embeddable":true,"href":"https:\/\/www.radiomais.ao\/index.php\/wp-json\/wp\/v2\/categories?post=2155"},{"taxonomy":"post_tag","embeddable":true,"href":"https:\/\/www.radiomais.ao\/index.php\/wp-json\/wp\/v2\/tags?post=2155"}],"curies":[{"name":"wp","href":"https:\/\/api.w.org\/{rel}","templated":true}]}}