{"id":2158,"date":"2025-09-16T15:39:28","date_gmt":"2025-09-16T14:39:28","guid":{"rendered":"https:\/\/www.radiomais.ao\/?p=2158"},"modified":"2025-09-16T15:39:28","modified_gmt":"2025-09-16T14:39:28","slug":"celebracoes-dos-108-anos-da-provincia-do-moxico-marcadas-com-espectaculo-musical","status":"publish","type":"post","link":"https:\/\/www.radiomais.ao\/index.php\/2025\/09\/16\/celebracoes-dos-108-anos-da-provincia-do-moxico-marcadas-com-espectaculo-musical\/","title":{"rendered":"Celebra\u00e7\u00f5es dos 108 anos da prov\u00edncia do Moxico marcadas com espect\u00e1culo musical."},"content":{"rendered":"\n<p><strong>Mais de 30 artistas nacionais animaram o show m\u00fasico-cultural alusivo aos 108 anos das celebra\u00e7\u00f5es da eleva\u00e7\u00e3o da prov\u00edncia do Moxico \u00e0 categoria de distrito, a 15 de Setembro de 1917, realizado na noite de s\u00e1bado, 13<\/strong> Fonte <strong><em><a href=\"https:\/\/www.opais.ao\/cultura\/celebracoes-dos-108-anos-da-provincia-do-moxico-marcadas-com-espectaculo-musical\/\">Opa\u00eds<\/a><\/em><\/strong><\/p>\n","protected":false},"excerpt":{"rendered":"<p>Mais de 30 artistas nacionais animaram o show m\u00fasico-cultural alusivo aos 108 anos das celebra\u00e7\u00f5es da eleva\u00e7\u00e3o da prov\u00edncia do Moxico \u00e0 categoria de distrito, a 15 de Setembro de 1917, realizado na noite de s\u00e1bado, 13 Fonte Opa\u00eds<\/p>\n","protected":false},"author":3,"featured_media":2159,"comment_status":"open","ping_status":"open","sticky":false,"template":"","format":"standard","meta":{"footnotes":""},"categories":[16],"tags":[619,201],"class_list":["post-2158","post","type-post","status-publish","format-standard","has-post-thumbnail","hentry","category-actualidade","tag-108-anos","tag-moxico"],"blocksy_meta":[],"_links":{"self":[{"href":"https:\/\/www.radiomais.ao\/index.php\/wp-json\/wp\/v2\/posts\/2158","targetHints":{"allow":["GET"]}}],"collection":[{"href":"https:\/\/www.radiomais.ao\/index.php\/wp-json\/wp\/v2\/posts"}],"about":[{"href":"https:\/\/www.radiomais.ao\/index.php\/wp-json\/wp\/v2\/types\/post"}],"author":[{"embeddable":true,"href":"https:\/\/www.radiomais.ao\/index.php\/wp-json\/wp\/v2\/users\/3"}],"replies":[{"embeddable":true,"href":"https:\/\/www.radiomais.ao\/index.php\/wp-json\/wp\/v2\/comments?post=2158"}],"version-history":[{"count":1,"href":"https:\/\/www.radiomais.ao\/index.php\/wp-json\/wp\/v2\/posts\/2158\/revisions"}],"predecessor-version":[{"id":2160,"href":"https:\/\/www.radiomais.ao\/index.php\/wp-json\/wp\/v2\/posts\/2158\/revisions\/2160"}],"wp:featuredmedia":[{"embeddable":true,"href":"https:\/\/www.radiomais.ao\/index.php\/wp-json\/wp\/v2\/media\/2159"}],"wp:attachment":[{"href":"https:\/\/www.radiomais.ao\/index.php\/wp-json\/wp\/v2\/media?parent=2158"}],"wp:term":[{"taxonomy":"category","embeddable":true,"href":"https:\/\/www.radiomais.ao\/index.php\/wp-json\/wp\/v2\/categories?post=2158"},{"taxonomy":"post_tag","embeddable":true,"href":"https:\/\/www.radiomais.ao\/index.php\/wp-json\/wp\/v2\/tags?post=2158"}],"curies":[{"name":"wp","href":"https:\/\/api.w.org\/{rel}","templated":true}]}}