{"id":2164,"date":"2025-09-18T16:47:15","date_gmt":"2025-09-18T15:47:15","guid":{"rendered":"https:\/\/www.radiomais.ao\/?p=2164"},"modified":"2025-09-18T16:47:15","modified_gmt":"2025-09-18T15:47:15","slug":"unita-define-bases-para-o-xiv-congresso-e-denuncia-perseguicao-a-criticos","status":"publish","type":"post","link":"https:\/\/www.radiomais.ao\/index.php\/2025\/09\/18\/unita-define-bases-para-o-xiv-congresso-e-denuncia-perseguicao-a-criticos\/","title":{"rendered":"UNITA define bases para o XIV Congresso e denuncia persegui\u00e7\u00e3o a cr\u00edticos."},"content":{"rendered":"\n<p><strong>Com o objectivo de preparar o XIV Congresso Ordin\u00e1rio, a UNITA realizou ontem, quarta-feira, 17, em Viana, a XXII reuni\u00e3o extraordin\u00e1ria do Comit\u00e9 Permanente da sua Comiss\u00e3o Pol\u00edtica, sob orienta\u00e7\u00e3o de Adalberto Costa J\u00fanior, presidente do partido.O encontro aprovou o regimento do conclave, os crit\u00e9rios de elei\u00e7\u00e3o dos delegados e candidatos, as quotas provinciais e da di\u00e1spora, bem como o lema e as propostas de teses que ir\u00e3o nortear o congresso, marcado para os dias 28, 29 e 30 de Novembro, em Luanda<\/strong>. Fonte <strong><em><a href=\"https:\/\/www.opais.ao\/politica\/unita-define-bases-para-o-xiv-congresso-e-denuncia-perseguicao-a-criticos\/\">Opa\u00eds<\/a><\/em><\/strong><\/p>\n","protected":false},"excerpt":{"rendered":"<p>Com o objectivo de preparar o XIV Congresso Ordin\u00e1rio, a UNITA realizou ontem, quarta-feira, 17, em Viana, a XXII reuni\u00e3o extraordin\u00e1ria do Comit\u00e9 Permanente da sua Comiss\u00e3o Pol\u00edtica, sob orienta\u00e7\u00e3o de Adalberto Costa J\u00fanior, presidente do partido.O encontro aprovou o regimento do conclave, os crit\u00e9rios de elei\u00e7\u00e3o dos delegados e candidatos, as quotas provinciais e [&hellip;]<\/p>\n","protected":false},"author":3,"featured_media":2165,"comment_status":"open","ping_status":"open","sticky":false,"template":"","format":"standard","meta":{"footnotes":""},"categories":[16],"tags":[574,243],"class_list":["post-2164","post","type-post","status-publish","format-standard","has-post-thumbnail","hentry","category-actualidade","tag-congresso","tag-unita"],"blocksy_meta":[],"_links":{"self":[{"href":"https:\/\/www.radiomais.ao\/index.php\/wp-json\/wp\/v2\/posts\/2164","targetHints":{"allow":["GET"]}}],"collection":[{"href":"https:\/\/www.radiomais.ao\/index.php\/wp-json\/wp\/v2\/posts"}],"about":[{"href":"https:\/\/www.radiomais.ao\/index.php\/wp-json\/wp\/v2\/types\/post"}],"author":[{"embeddable":true,"href":"https:\/\/www.radiomais.ao\/index.php\/wp-json\/wp\/v2\/users\/3"}],"replies":[{"embeddable":true,"href":"https:\/\/www.radiomais.ao\/index.php\/wp-json\/wp\/v2\/comments?post=2164"}],"version-history":[{"count":1,"href":"https:\/\/www.radiomais.ao\/index.php\/wp-json\/wp\/v2\/posts\/2164\/revisions"}],"predecessor-version":[{"id":2166,"href":"https:\/\/www.radiomais.ao\/index.php\/wp-json\/wp\/v2\/posts\/2164\/revisions\/2166"}],"wp:featuredmedia":[{"embeddable":true,"href":"https:\/\/www.radiomais.ao\/index.php\/wp-json\/wp\/v2\/media\/2165"}],"wp:attachment":[{"href":"https:\/\/www.radiomais.ao\/index.php\/wp-json\/wp\/v2\/media?parent=2164"}],"wp:term":[{"taxonomy":"category","embeddable":true,"href":"https:\/\/www.radiomais.ao\/index.php\/wp-json\/wp\/v2\/categories?post=2164"},{"taxonomy":"post_tag","embeddable":true,"href":"https:\/\/www.radiomais.ao\/index.php\/wp-json\/wp\/v2\/tags?post=2164"}],"curies":[{"name":"wp","href":"https:\/\/api.w.org\/{rel}","templated":true}]}}