{"id":2167,"date":"2025-09-18T17:03:52","date_gmt":"2025-09-18T16:03:52","guid":{"rendered":"https:\/\/www.radiomais.ao\/?p=2167"},"modified":"2025-09-18T17:03:52","modified_gmt":"2025-09-18T16:03:52","slug":"pedro-de-neri-reafirma-reforco-da-cooperacao-entre-os-parlamentos-lusofonos","status":"publish","type":"post","link":"https:\/\/www.radiomais.ao\/index.php\/2025\/09\/18\/pedro-de-neri-reafirma-reforco-da-cooperacao-entre-os-parlamentos-lusofonos\/","title":{"rendered":"Pedro de Neri reafirma refor\u00e7o da coopera\u00e7\u00e3o entre os parlamentos lus\u00f3fonos."},"content":{"rendered":"\n<p><strong>O secret\u00e1rio-geral da Assembleia Nacional, Pedro Agostinho de Neri, defendeu esta quarta-feira, 17, em Maputo, capital de Mo\u00e7ambique, o refor\u00e7o da coopera\u00e7\u00e3o t\u00e9cnica entre os parlamentos lus\u00f3fonos, com foco na partilha de boas pr\u00e1ticas administrativas e financeiras<\/strong>. Fonte <strong><em><a href=\"https:\/\/www.opais.ao\/politica\/pedro-de-neri-reafirma-reforco-da-cooperacao-entre-os-parlamentos-lusofonos\/\">Opa\u00eds<\/a><\/em><\/strong><\/p>\n\n\n\n<p><\/p>\n","protected":false},"excerpt":{"rendered":"<p>O secret\u00e1rio-geral da Assembleia Nacional, Pedro Agostinho de Neri, defendeu esta quarta-feira, 17, em Maputo, capital de Mo\u00e7ambique, o refor\u00e7o da coopera\u00e7\u00e3o t\u00e9cnica entre os parlamentos lus\u00f3fonos, com foco na partilha de boas pr\u00e1ticas administrativas e financeiras. Fonte Opa\u00eds<\/p>\n","protected":false},"author":3,"featured_media":2168,"comment_status":"open","ping_status":"open","sticky":false,"template":"","format":"standard","meta":{"footnotes":""},"categories":[1],"tags":[623],"class_list":["post-2167","post","type-post","status-publish","format-standard","has-post-thumbnail","hentry","category-uncategorized","tag-pedro-nieri"],"blocksy_meta":[],"_links":{"self":[{"href":"https:\/\/www.radiomais.ao\/index.php\/wp-json\/wp\/v2\/posts\/2167","targetHints":{"allow":["GET"]}}],"collection":[{"href":"https:\/\/www.radiomais.ao\/index.php\/wp-json\/wp\/v2\/posts"}],"about":[{"href":"https:\/\/www.radiomais.ao\/index.php\/wp-json\/wp\/v2\/types\/post"}],"author":[{"embeddable":true,"href":"https:\/\/www.radiomais.ao\/index.php\/wp-json\/wp\/v2\/users\/3"}],"replies":[{"embeddable":true,"href":"https:\/\/www.radiomais.ao\/index.php\/wp-json\/wp\/v2\/comments?post=2167"}],"version-history":[{"count":1,"href":"https:\/\/www.radiomais.ao\/index.php\/wp-json\/wp\/v2\/posts\/2167\/revisions"}],"predecessor-version":[{"id":2169,"href":"https:\/\/www.radiomais.ao\/index.php\/wp-json\/wp\/v2\/posts\/2167\/revisions\/2169"}],"wp:featuredmedia":[{"embeddable":true,"href":"https:\/\/www.radiomais.ao\/index.php\/wp-json\/wp\/v2\/media\/2168"}],"wp:attachment":[{"href":"https:\/\/www.radiomais.ao\/index.php\/wp-json\/wp\/v2\/media?parent=2167"}],"wp:term":[{"taxonomy":"category","embeddable":true,"href":"https:\/\/www.radiomais.ao\/index.php\/wp-json\/wp\/v2\/categories?post=2167"},{"taxonomy":"post_tag","embeddable":true,"href":"https:\/\/www.radiomais.ao\/index.php\/wp-json\/wp\/v2\/tags?post=2167"}],"curies":[{"name":"wp","href":"https:\/\/api.w.org\/{rel}","templated":true}]}}