{"id":2173,"date":"2025-09-18T17:23:32","date_gmt":"2025-09-18T16:23:32","guid":{"rendered":"https:\/\/www.radiomais.ao\/?p=2173"},"modified":"2025-09-18T17:23:32","modified_gmt":"2025-09-18T16:23:32","slug":"campanha-agricola-no-zaire-envolve-77-mil-familias-camponesas","status":"publish","type":"post","link":"https:\/\/www.radiomais.ao\/index.php\/2025\/09\/18\/campanha-agricola-no-zaire-envolve-77-mil-familias-camponesas\/","title":{"rendered":"Campanha agr\u00edcola no Zaire envolve 77 mil fam\u00edlias camponesas."},"content":{"rendered":"\n<p><strong>Setenta e sete mil fam\u00edlias camponesas estar\u00e3o envolvidas na campanha agr\u00edcola 2025\/2026, na prov\u00edncia do Zaire, que inicia em Outubro deste ano<\/strong>. Fonte <strong><em><a href=\"https:\/\/www.opais.ao\/economia\/campanha-agricola-no-zaire-envolve-77-mil-familias-camponesas\/\">Opa\u00eds<\/a><\/em><\/strong><\/p>\n","protected":false},"excerpt":{"rendered":"<p>Setenta e sete mil fam\u00edlias camponesas estar\u00e3o envolvidas na campanha agr\u00edcola 2025\/2026, na prov\u00edncia do Zaire, que inicia em Outubro deste ano. Fonte Opa\u00eds<\/p>\n","protected":false},"author":3,"featured_media":2174,"comment_status":"open","ping_status":"open","sticky":false,"template":"","format":"standard","meta":{"footnotes":""},"categories":[16],"tags":[625,540],"class_list":["post-2173","post","type-post","status-publish","format-standard","has-post-thumbnail","hentry","category-actualidade","tag-campanha-agricola","tag-zaire"],"blocksy_meta":[],"_links":{"self":[{"href":"https:\/\/www.radiomais.ao\/index.php\/wp-json\/wp\/v2\/posts\/2173","targetHints":{"allow":["GET"]}}],"collection":[{"href":"https:\/\/www.radiomais.ao\/index.php\/wp-json\/wp\/v2\/posts"}],"about":[{"href":"https:\/\/www.radiomais.ao\/index.php\/wp-json\/wp\/v2\/types\/post"}],"author":[{"embeddable":true,"href":"https:\/\/www.radiomais.ao\/index.php\/wp-json\/wp\/v2\/users\/3"}],"replies":[{"embeddable":true,"href":"https:\/\/www.radiomais.ao\/index.php\/wp-json\/wp\/v2\/comments?post=2173"}],"version-history":[{"count":1,"href":"https:\/\/www.radiomais.ao\/index.php\/wp-json\/wp\/v2\/posts\/2173\/revisions"}],"predecessor-version":[{"id":2175,"href":"https:\/\/www.radiomais.ao\/index.php\/wp-json\/wp\/v2\/posts\/2173\/revisions\/2175"}],"wp:featuredmedia":[{"embeddable":true,"href":"https:\/\/www.radiomais.ao\/index.php\/wp-json\/wp\/v2\/media\/2174"}],"wp:attachment":[{"href":"https:\/\/www.radiomais.ao\/index.php\/wp-json\/wp\/v2\/media?parent=2173"}],"wp:term":[{"taxonomy":"category","embeddable":true,"href":"https:\/\/www.radiomais.ao\/index.php\/wp-json\/wp\/v2\/categories?post=2173"},{"taxonomy":"post_tag","embeddable":true,"href":"https:\/\/www.radiomais.ao\/index.php\/wp-json\/wp\/v2\/tags?post=2173"}],"curies":[{"name":"wp","href":"https:\/\/api.w.org\/{rel}","templated":true}]}}