{"id":2181,"date":"2025-09-18T18:01:57","date_gmt":"2025-09-18T17:01:57","guid":{"rendered":"https:\/\/www.radiomais.ao\/?p=2181"},"modified":"2025-09-18T18:01:57","modified_gmt":"2025-09-18T17:01:57","slug":"jornalistas-de-orgaos-publicos-levantam-a-greve-na-proxima-terca-feira","status":"publish","type":"post","link":"https:\/\/www.radiomais.ao\/index.php\/2025\/09\/18\/jornalistas-de-orgaos-publicos-levantam-a-greve-na-proxima-terca-feira\/","title":{"rendered":"Jornalistas de \u00f3rg\u00e3os p\u00fablicos levantam a greve na pr\u00f3xima ter\u00e7a-feira."},"content":{"rendered":"\n<p>O Sindicato dos Jornalistas Angolanos (SJA) vai reunir-se na pr\u00f3xima ter\u00e7a-feira, 23, em Assembleia Geral com os seus filiados, tendo como ponto \u00fanico da agenda o levantamento da greve declarada a 2 de setembro e suspensa pelo Tribunal de Luanda a 5 do mesmo m\u00eas. Fonte<strong><em><a href=\"https:\/\/www.opais.ao\/sociedade\/jornalistas-de-orgaos-publicos-levantam-a-greve-na-proxima-terca-feira\/\"> Opa\u00eds<\/a><\/em><\/strong><\/p>\n\n\n\n<p><\/p>\n","protected":false},"excerpt":{"rendered":"<p>O Sindicato dos Jornalistas Angolanos (SJA) vai reunir-se na pr\u00f3xima ter\u00e7a-feira, 23, em Assembleia Geral com os seus filiados, tendo como ponto \u00fanico da agenda o levantamento da greve declarada a 2 de setembro e suspensa pelo Tribunal de Luanda a 5 do mesmo m\u00eas. Fonte Opa\u00eds<\/p>\n","protected":false},"author":3,"featured_media":2182,"comment_status":"open","ping_status":"open","sticky":false,"template":"","format":"standard","meta":{"footnotes":""},"categories":[16],"tags":[627,309],"class_list":["post-2181","post","type-post","status-publish","format-standard","has-post-thumbnail","hentry","category-actualidade","tag-greve","tag-jornalistas"],"blocksy_meta":[],"_links":{"self":[{"href":"https:\/\/www.radiomais.ao\/index.php\/wp-json\/wp\/v2\/posts\/2181","targetHints":{"allow":["GET"]}}],"collection":[{"href":"https:\/\/www.radiomais.ao\/index.php\/wp-json\/wp\/v2\/posts"}],"about":[{"href":"https:\/\/www.radiomais.ao\/index.php\/wp-json\/wp\/v2\/types\/post"}],"author":[{"embeddable":true,"href":"https:\/\/www.radiomais.ao\/index.php\/wp-json\/wp\/v2\/users\/3"}],"replies":[{"embeddable":true,"href":"https:\/\/www.radiomais.ao\/index.php\/wp-json\/wp\/v2\/comments?post=2181"}],"version-history":[{"count":1,"href":"https:\/\/www.radiomais.ao\/index.php\/wp-json\/wp\/v2\/posts\/2181\/revisions"}],"predecessor-version":[{"id":2183,"href":"https:\/\/www.radiomais.ao\/index.php\/wp-json\/wp\/v2\/posts\/2181\/revisions\/2183"}],"wp:featuredmedia":[{"embeddable":true,"href":"https:\/\/www.radiomais.ao\/index.php\/wp-json\/wp\/v2\/media\/2182"}],"wp:attachment":[{"href":"https:\/\/www.radiomais.ao\/index.php\/wp-json\/wp\/v2\/media?parent=2181"}],"wp:term":[{"taxonomy":"category","embeddable":true,"href":"https:\/\/www.radiomais.ao\/index.php\/wp-json\/wp\/v2\/categories?post=2181"},{"taxonomy":"post_tag","embeddable":true,"href":"https:\/\/www.radiomais.ao\/index.php\/wp-json\/wp\/v2\/tags?post=2181"}],"curies":[{"name":"wp","href":"https:\/\/api.w.org\/{rel}","templated":true}]}}