{"id":2187,"date":"2025-09-19T10:44:14","date_gmt":"2025-09-19T09:44:14","guid":{"rendered":"https:\/\/www.radiomais.ao\/?p=2187"},"modified":"2025-09-19T10:44:14","modified_gmt":"2025-09-19T09:44:14","slug":"pr-indulta-150-cidadaos-por-ocasiao-dos-50-anos-da-independencia-nacional","status":"publish","type":"post","link":"https:\/\/www.radiomais.ao\/index.php\/2025\/09\/19\/pr-indulta-150-cidadaos-por-ocasiao-dos-50-anos-da-independencia-nacional\/","title":{"rendered":"PR indulta 150 cidad\u00e3os por ocasi\u00e3o dos 50 anos da Independ\u00eancia Nacional."},"content":{"rendered":"\n<p><strong>Segundo uma nota da Presid\u00eancia da Rep\u00fablica a que o jornal OPA\u00cdS teve acesso, o indulto visa garantir o clima de harmonia, clem\u00eancia, indulg\u00eancia, conc\u00f3rdia e fraternidade que vai nortear a celebra\u00e7\u00e3o do dia 11 de Novembro, importante efem\u00e9ride que impregnar\u00e1, em todo o povo angolano, o elevado sentimento de patriotismo e amor \u00e0 p\u00e1tria<\/strong>. Fonte <strong><em><a href=\"https:\/\/www.opais.ao\/politica\/pr-indulta-150-cidadaos-por-ocasiao-dos-50-anos-da-independencia-nacional\/\">Opa\u00eds<\/a><\/em><\/strong><\/p>\n","protected":false},"excerpt":{"rendered":"<p>Segundo uma nota da Presid\u00eancia da Rep\u00fablica a que o jornal OPA\u00cdS teve acesso, o indulto visa garantir o clima de harmonia, clem\u00eancia, indulg\u00eancia, conc\u00f3rdia e fraternidade que vai nortear a celebra\u00e7\u00e3o do dia 11 de Novembro, importante efem\u00e9ride que impregnar\u00e1, em todo o povo angolano, o elevado sentimento de patriotismo e amor \u00e0 p\u00e1tria. [&hellip;]<\/p>\n","protected":false},"author":3,"featured_media":2188,"comment_status":"open","ping_status":"open","sticky":false,"template":"","format":"standard","meta":{"footnotes":""},"categories":[16],"tags":[630,629,132],"class_list":["post-2187","post","type-post","status-publish","format-standard","has-post-thumbnail","hentry","category-actualidade","tag-cidadaos","tag-indulto","tag-pr"],"blocksy_meta":[],"_links":{"self":[{"href":"https:\/\/www.radiomais.ao\/index.php\/wp-json\/wp\/v2\/posts\/2187","targetHints":{"allow":["GET"]}}],"collection":[{"href":"https:\/\/www.radiomais.ao\/index.php\/wp-json\/wp\/v2\/posts"}],"about":[{"href":"https:\/\/www.radiomais.ao\/index.php\/wp-json\/wp\/v2\/types\/post"}],"author":[{"embeddable":true,"href":"https:\/\/www.radiomais.ao\/index.php\/wp-json\/wp\/v2\/users\/3"}],"replies":[{"embeddable":true,"href":"https:\/\/www.radiomais.ao\/index.php\/wp-json\/wp\/v2\/comments?post=2187"}],"version-history":[{"count":1,"href":"https:\/\/www.radiomais.ao\/index.php\/wp-json\/wp\/v2\/posts\/2187\/revisions"}],"predecessor-version":[{"id":2189,"href":"https:\/\/www.radiomais.ao\/index.php\/wp-json\/wp\/v2\/posts\/2187\/revisions\/2189"}],"wp:featuredmedia":[{"embeddable":true,"href":"https:\/\/www.radiomais.ao\/index.php\/wp-json\/wp\/v2\/media\/2188"}],"wp:attachment":[{"href":"https:\/\/www.radiomais.ao\/index.php\/wp-json\/wp\/v2\/media?parent=2187"}],"wp:term":[{"taxonomy":"category","embeddable":true,"href":"https:\/\/www.radiomais.ao\/index.php\/wp-json\/wp\/v2\/categories?post=2187"},{"taxonomy":"post_tag","embeddable":true,"href":"https:\/\/www.radiomais.ao\/index.php\/wp-json\/wp\/v2\/tags?post=2187"}],"curies":[{"name":"wp","href":"https:\/\/api.w.org\/{rel}","templated":true}]}}