{"id":2190,"date":"2025-09-19T10:53:47","date_gmt":"2025-09-19T09:53:47","guid":{"rendered":"https:\/\/www.radiomais.ao\/?p=2190"},"modified":"2025-09-19T10:53:47","modified_gmt":"2025-09-19T09:53:47","slug":"executivo-aposta-na-modernizacao-da-justica-visando-reforcar-cidadania-e-eficiencia-do-estado","status":"publish","type":"post","link":"https:\/\/www.radiomais.ao\/index.php\/2025\/09\/19\/executivo-aposta-na-modernizacao-da-justica-visando-reforcar-cidadania-e-eficiencia-do-estado\/","title":{"rendered":"Executivo aposta na moderniza\u00e7\u00e3o da Justi\u00e7a visando refor\u00e7ar cidadania e efici\u00eancia do Estado."},"content":{"rendered":"\n<p><strong>O secret\u00e1rio de Estado da Justi\u00e7a, Osvaldo Benza Amaro, apresentou ontem, no Centro de Imprensa An\u00edbal de Melo (CIAM), em Luanda, o Programa de Reforma e Moderniza\u00e7\u00e3o da Administra\u00e7\u00e3o da Justi\u00e7a, que o Executivo pretende implementar at\u00e9 2027 \u2013 um dos eixos principais do Plano de Desenvolvimento Nacional (PDN) 2023-2027, que tem como meta consolidar a paz, fortalecer a democracia e modernizar a administra\u00e7\u00e3o p\u00fablica<\/strong>. Fonte <strong><em><a href=\"https:\/\/www.opais.ao\/politica\/executivo-aposta-na-modernizacao-da-justica-visando-reforcar-cidadania-e-eficiencia-do-estado\/\">Opa\u00eds<\/a><\/em><\/strong><\/p>\n\n\n\n<p><\/p>\n","protected":false},"excerpt":{"rendered":"<p>O secret\u00e1rio de Estado da Justi\u00e7a, Osvaldo Benza Amaro, apresentou ontem, no Centro de Imprensa An\u00edbal de Melo (CIAM), em Luanda, o Programa de Reforma e Moderniza\u00e7\u00e3o da Administra\u00e7\u00e3o da Justi\u00e7a, que o Executivo pretende implementar at\u00e9 2027 \u2013 um dos eixos principais do Plano de Desenvolvimento Nacional (PDN) 2023-2027, que tem como meta consolidar [&hellip;]<\/p>\n","protected":false},"author":3,"featured_media":2191,"comment_status":"open","ping_status":"open","sticky":false,"template":"","format":"standard","meta":{"footnotes":""},"categories":[16],"tags":[631,199],"class_list":["post-2190","post","type-post","status-publish","format-standard","has-post-thumbnail","hentry","category-actualidade","tag-aposta-na-modernizacao","tag-executivo"],"blocksy_meta":[],"_links":{"self":[{"href":"https:\/\/www.radiomais.ao\/index.php\/wp-json\/wp\/v2\/posts\/2190","targetHints":{"allow":["GET"]}}],"collection":[{"href":"https:\/\/www.radiomais.ao\/index.php\/wp-json\/wp\/v2\/posts"}],"about":[{"href":"https:\/\/www.radiomais.ao\/index.php\/wp-json\/wp\/v2\/types\/post"}],"author":[{"embeddable":true,"href":"https:\/\/www.radiomais.ao\/index.php\/wp-json\/wp\/v2\/users\/3"}],"replies":[{"embeddable":true,"href":"https:\/\/www.radiomais.ao\/index.php\/wp-json\/wp\/v2\/comments?post=2190"}],"version-history":[{"count":1,"href":"https:\/\/www.radiomais.ao\/index.php\/wp-json\/wp\/v2\/posts\/2190\/revisions"}],"predecessor-version":[{"id":2192,"href":"https:\/\/www.radiomais.ao\/index.php\/wp-json\/wp\/v2\/posts\/2190\/revisions\/2192"}],"wp:featuredmedia":[{"embeddable":true,"href":"https:\/\/www.radiomais.ao\/index.php\/wp-json\/wp\/v2\/media\/2191"}],"wp:attachment":[{"href":"https:\/\/www.radiomais.ao\/index.php\/wp-json\/wp\/v2\/media?parent=2190"}],"wp:term":[{"taxonomy":"category","embeddable":true,"href":"https:\/\/www.radiomais.ao\/index.php\/wp-json\/wp\/v2\/categories?post=2190"},{"taxonomy":"post_tag","embeddable":true,"href":"https:\/\/www.radiomais.ao\/index.php\/wp-json\/wp\/v2\/tags?post=2190"}],"curies":[{"name":"wp","href":"https:\/\/api.w.org\/{rel}","templated":true}]}}