{"id":2193,"date":"2025-09-19T10:57:36","date_gmt":"2025-09-19T09:57:36","guid":{"rendered":"https:\/\/www.radiomais.ao\/?p=2193"},"modified":"2025-09-19T10:57:36","modified_gmt":"2025-09-19T09:57:36","slug":"angola-marca-presenca-no-forum-internacional-sobre-mulheres-na-transicao-energetica","status":"publish","type":"post","link":"https:\/\/www.radiomais.ao\/index.php\/2025\/09\/19\/angola-marca-presenca-no-forum-internacional-sobre-mulheres-na-transicao-energetica\/","title":{"rendered":"Angola marca presen\u00e7a no F\u00f3rum Internacional sobre Mulheres na Transi\u00e7\u00e3o Energ\u00e9tica."},"content":{"rendered":"\n<p><strong>A deputada Lourdes Caposso representa Angola, desde ter\u00e7a-feira, 16, nas cidades de Berlim e Bona, na Alemanha, no F\u00f3rum de Alto N\u00edvel sobre Mulheres L\u00edderes na Transi\u00e7\u00e3o Energ\u00e9tica, que decorre at\u00e9 hoje, sexta-feira, 19<\/strong>. Fonte <strong><em><a href=\"https:\/\/www.opais.ao\/politica\/angola-marca-presenca-no-forum-internacional-sobre-mulheres-na-transicao-energetica\/\">o Pa\u00eds<\/a><\/em><\/strong><\/p>\n","protected":false},"excerpt":{"rendered":"<p>A deputada Lourdes Caposso representa Angola, desde ter\u00e7a-feira, 16, nas cidades de Berlim e Bona, na Alemanha, no F\u00f3rum de Alto N\u00edvel sobre Mulheres L\u00edderes na Transi\u00e7\u00e3o Energ\u00e9tica, que decorre at\u00e9 hoje, sexta-feira, 19. Fonte o Pa\u00eds<\/p>\n","protected":false},"author":3,"featured_media":2194,"comment_status":"open","ping_status":"open","sticky":false,"template":"","format":"standard","meta":{"footnotes":""},"categories":[16],"tags":[75,632],"class_list":["post-2193","post","type-post","status-publish","format-standard","has-post-thumbnail","hentry","category-actualidade","tag-angola","tag-presente-no-forum-internacional"],"blocksy_meta":[],"_links":{"self":[{"href":"https:\/\/www.radiomais.ao\/index.php\/wp-json\/wp\/v2\/posts\/2193","targetHints":{"allow":["GET"]}}],"collection":[{"href":"https:\/\/www.radiomais.ao\/index.php\/wp-json\/wp\/v2\/posts"}],"about":[{"href":"https:\/\/www.radiomais.ao\/index.php\/wp-json\/wp\/v2\/types\/post"}],"author":[{"embeddable":true,"href":"https:\/\/www.radiomais.ao\/index.php\/wp-json\/wp\/v2\/users\/3"}],"replies":[{"embeddable":true,"href":"https:\/\/www.radiomais.ao\/index.php\/wp-json\/wp\/v2\/comments?post=2193"}],"version-history":[{"count":1,"href":"https:\/\/www.radiomais.ao\/index.php\/wp-json\/wp\/v2\/posts\/2193\/revisions"}],"predecessor-version":[{"id":2195,"href":"https:\/\/www.radiomais.ao\/index.php\/wp-json\/wp\/v2\/posts\/2193\/revisions\/2195"}],"wp:featuredmedia":[{"embeddable":true,"href":"https:\/\/www.radiomais.ao\/index.php\/wp-json\/wp\/v2\/media\/2194"}],"wp:attachment":[{"href":"https:\/\/www.radiomais.ao\/index.php\/wp-json\/wp\/v2\/media?parent=2193"}],"wp:term":[{"taxonomy":"category","embeddable":true,"href":"https:\/\/www.radiomais.ao\/index.php\/wp-json\/wp\/v2\/categories?post=2193"},{"taxonomy":"post_tag","embeddable":true,"href":"https:\/\/www.radiomais.ao\/index.php\/wp-json\/wp\/v2\/tags?post=2193"}],"curies":[{"name":"wp","href":"https:\/\/api.w.org\/{rel}","templated":true}]}}