{"id":2199,"date":"2025-09-19T11:04:16","date_gmt":"2025-09-19T10:04:16","guid":{"rendered":"https:\/\/www.radiomais.ao\/?p=2199"},"modified":"2025-09-19T11:04:16","modified_gmt":"2025-09-19T10:04:16","slug":"executivo-preve-lancar-concursos-publicos-para-parcerias-publico-privadas-no-sector-da-energia-e-agua","status":"publish","type":"post","link":"https:\/\/www.radiomais.ao\/index.php\/2025\/09\/19\/executivo-preve-lancar-concursos-publicos-para-parcerias-publico-privadas-no-sector-da-energia-e-agua\/","title":{"rendered":"Executivo prev\u00ea lan\u00e7ar concursos p\u00fablicos para parcerias p\u00fablico- privadas no sector da energia e \u00e1gua."},"content":{"rendered":"\n<p><strong>O representante do Minist\u00e9rio da Economia e Planeamento, Wenilton Paix\u00e3o, afirmou, ontem, em Luanda, que o governo prev\u00ea lan\u00e7ar concursos p\u00fablicos, no dom\u00ednio das Parcerias P\u00fablico-Privadas, para a melhoria do sistema de distribui\u00e7\u00e3o de energia e \u00e1gua em Angola<\/strong>. Fonte <strong><em><a href=\"https:\/\/www.opais.ao\/economia\/executivo-preve-lancar-concursos-publicos-para-parcerias-publico-privadas-no-sector-da-energia-e-agua\/\">Opa\u00eds<\/a><\/em><\/strong><\/p>\n","protected":false},"excerpt":{"rendered":"<p>O representante do Minist\u00e9rio da Economia e Planeamento, Wenilton Paix\u00e3o, afirmou, ontem, em Luanda, que o governo prev\u00ea lan\u00e7ar concursos p\u00fablicos, no dom\u00ednio das Parcerias P\u00fablico-Privadas, para a melhoria do sistema de distribui\u00e7\u00e3o de energia e \u00e1gua em Angola. Fonte Opa\u00eds<\/p>\n","protected":false},"author":3,"featured_media":0,"comment_status":"open","ping_status":"open","sticky":false,"template":"","format":"standard","meta":{"footnotes":""},"categories":[16],"tags":[337,637,639,638],"class_list":["post-2199","post","type-post","status-publish","format-standard","hentry","category-actualidade","tag-agua","tag-concurso-publico","tag-inergia","tag-sectresr"],"blocksy_meta":[],"_links":{"self":[{"href":"https:\/\/www.radiomais.ao\/index.php\/wp-json\/wp\/v2\/posts\/2199","targetHints":{"allow":["GET"]}}],"collection":[{"href":"https:\/\/www.radiomais.ao\/index.php\/wp-json\/wp\/v2\/posts"}],"about":[{"href":"https:\/\/www.radiomais.ao\/index.php\/wp-json\/wp\/v2\/types\/post"}],"author":[{"embeddable":true,"href":"https:\/\/www.radiomais.ao\/index.php\/wp-json\/wp\/v2\/users\/3"}],"replies":[{"embeddable":true,"href":"https:\/\/www.radiomais.ao\/index.php\/wp-json\/wp\/v2\/comments?post=2199"}],"version-history":[{"count":1,"href":"https:\/\/www.radiomais.ao\/index.php\/wp-json\/wp\/v2\/posts\/2199\/revisions"}],"predecessor-version":[{"id":2200,"href":"https:\/\/www.radiomais.ao\/index.php\/wp-json\/wp\/v2\/posts\/2199\/revisions\/2200"}],"wp:attachment":[{"href":"https:\/\/www.radiomais.ao\/index.php\/wp-json\/wp\/v2\/media?parent=2199"}],"wp:term":[{"taxonomy":"category","embeddable":true,"href":"https:\/\/www.radiomais.ao\/index.php\/wp-json\/wp\/v2\/categories?post=2199"},{"taxonomy":"post_tag","embeddable":true,"href":"https:\/\/www.radiomais.ao\/index.php\/wp-json\/wp\/v2\/tags?post=2199"}],"curies":[{"name":"wp","href":"https:\/\/api.w.org\/{rel}","templated":true}]}}