{"id":2204,"date":"2025-09-19T11:37:50","date_gmt":"2025-09-19T10:37:50","guid":{"rendered":"https:\/\/www.radiomais.ao\/?p=2204"},"modified":"2025-09-19T11:39:41","modified_gmt":"2025-09-19T10:39:41","slug":"pedro-goncalves-deixa-palancas-negras","status":"publish","type":"post","link":"https:\/\/www.radiomais.ao\/index.php\/2025\/09\/19\/pedro-goncalves-deixa-palancas-negras\/","title":{"rendered":"Pedro Gon\u00e7alves deixa Palancas Negras."},"content":{"rendered":"\n<p>O treinador da Selec\u00e7\u00e3o Nacional, Pedro Gon\u00e7alves, deixou, hoje, o comando t\u00e9cnico dos Palancas Negras, segundo informa\u00e7\u00f5es de \u00faltima hora. Fonte<strong><em><a href=\"https:\/\/www.opais.ao\/desporto\/pedro-goncalves-deixa-palancas-negras\/\"> Opa\u00eds<\/a><\/em><\/strong><\/p>\n\n\n\n<p><\/p>\n","protected":false},"excerpt":{"rendered":"<p>O treinador da Selec\u00e7\u00e3o Nacional, Pedro Gon\u00e7alves, deixou, hoje, o comando t\u00e9cnico dos Palancas Negras, segundo informa\u00e7\u00f5es de \u00faltima hora. Fonte Opa\u00eds<\/p>\n","protected":false},"author":3,"featured_media":2206,"comment_status":"open","ping_status":"open","sticky":false,"template":"","format":"standard","meta":{"footnotes":""},"categories":[16],"tags":[643,642],"class_list":["post-2204","post","type-post","status-publish","format-standard","has-post-thumbnail","hentry","category-actualidade","tag-palancas-negras","tag-pedro-goncalves"],"blocksy_meta":[],"_links":{"self":[{"href":"https:\/\/www.radiomais.ao\/index.php\/wp-json\/wp\/v2\/posts\/2204","targetHints":{"allow":["GET"]}}],"collection":[{"href":"https:\/\/www.radiomais.ao\/index.php\/wp-json\/wp\/v2\/posts"}],"about":[{"href":"https:\/\/www.radiomais.ao\/index.php\/wp-json\/wp\/v2\/types\/post"}],"author":[{"embeddable":true,"href":"https:\/\/www.radiomais.ao\/index.php\/wp-json\/wp\/v2\/users\/3"}],"replies":[{"embeddable":true,"href":"https:\/\/www.radiomais.ao\/index.php\/wp-json\/wp\/v2\/comments?post=2204"}],"version-history":[{"count":2,"href":"https:\/\/www.radiomais.ao\/index.php\/wp-json\/wp\/v2\/posts\/2204\/revisions"}],"predecessor-version":[{"id":2207,"href":"https:\/\/www.radiomais.ao\/index.php\/wp-json\/wp\/v2\/posts\/2204\/revisions\/2207"}],"wp:featuredmedia":[{"embeddable":true,"href":"https:\/\/www.radiomais.ao\/index.php\/wp-json\/wp\/v2\/media\/2206"}],"wp:attachment":[{"href":"https:\/\/www.radiomais.ao\/index.php\/wp-json\/wp\/v2\/media?parent=2204"}],"wp:term":[{"taxonomy":"category","embeddable":true,"href":"https:\/\/www.radiomais.ao\/index.php\/wp-json\/wp\/v2\/categories?post=2204"},{"taxonomy":"post_tag","embeddable":true,"href":"https:\/\/www.radiomais.ao\/index.php\/wp-json\/wp\/v2\/tags?post=2204"}],"curies":[{"name":"wp","href":"https:\/\/api.w.org\/{rel}","templated":true}]}}