{"id":2208,"date":"2025-09-19T14:09:40","date_gmt":"2025-09-19T13:09:40","guid":{"rendered":"https:\/\/www.radiomais.ao\/?p=2208"},"modified":"2025-09-19T14:09:40","modified_gmt":"2025-09-19T13:09:40","slug":"mais-de-3-mil-pessoas-morrem-nas-estradas-do-pais-por-ano-segundo-ministerio-do-interior","status":"publish","type":"post","link":"https:\/\/www.radiomais.ao\/index.php\/2025\/09\/19\/mais-de-3-mil-pessoas-morrem-nas-estradas-do-pais-por-ano-segundo-ministerio-do-interior\/","title":{"rendered":"Mais de 3 mil pessoas morrem nas estradas do pa\u00eds, por ano segundo Minist\u00e9rio do Interior."},"content":{"rendered":"\n<p>Mais de 3 mil pessoas morrem todos os anos nas estradas do pa\u00eds, o que representa uma m\u00e9dia superior a 10 mortes por dia.<\/p>\n\n\n\n<p>O ministro do Interior, Manuel Homem, reafirmou o compromisso do Executivo em reduzir os \u00edndices de sinistralidade rodovi\u00e1ria, actualmente a segunda maior causa de morte no pa\u00eds.<\/p>\n\n\n\n<p>Neste sentido, o programa Estrada Sem Morte, lan\u00e7ado pelo titular da pasta, surge como uma resposta concreta a esta realidade, com o objectivo de salvar vidas e promover uma cultura de seguran\u00e7a rodovi\u00e1ria.<\/p>\n","protected":false},"excerpt":{"rendered":"<p>Mais de 3 mil pessoas morrem todos os anos nas estradas do pa\u00eds, o que representa uma m\u00e9dia superior a 10 mortes por dia. O ministro do Interior, Manuel Homem, reafirmou o compromisso do Executivo em reduzir os \u00edndices de sinistralidade rodovi\u00e1ria, actualmente a segunda maior causa de morte no pa\u00eds. Neste sentido, o programa [&hellip;]<\/p>\n","protected":false},"author":3,"featured_media":2209,"comment_status":"open","ping_status":"open","sticky":false,"template":"","format":"standard","meta":{"footnotes":""},"categories":[16],"tags":[138,644],"class_list":["post-2208","post","type-post","status-publish","format-standard","has-post-thumbnail","hentry","category-actualidade","tag-acidentes","tag-estradas"],"blocksy_meta":[],"_links":{"self":[{"href":"https:\/\/www.radiomais.ao\/index.php\/wp-json\/wp\/v2\/posts\/2208","targetHints":{"allow":["GET"]}}],"collection":[{"href":"https:\/\/www.radiomais.ao\/index.php\/wp-json\/wp\/v2\/posts"}],"about":[{"href":"https:\/\/www.radiomais.ao\/index.php\/wp-json\/wp\/v2\/types\/post"}],"author":[{"embeddable":true,"href":"https:\/\/www.radiomais.ao\/index.php\/wp-json\/wp\/v2\/users\/3"}],"replies":[{"embeddable":true,"href":"https:\/\/www.radiomais.ao\/index.php\/wp-json\/wp\/v2\/comments?post=2208"}],"version-history":[{"count":1,"href":"https:\/\/www.radiomais.ao\/index.php\/wp-json\/wp\/v2\/posts\/2208\/revisions"}],"predecessor-version":[{"id":2210,"href":"https:\/\/www.radiomais.ao\/index.php\/wp-json\/wp\/v2\/posts\/2208\/revisions\/2210"}],"wp:featuredmedia":[{"embeddable":true,"href":"https:\/\/www.radiomais.ao\/index.php\/wp-json\/wp\/v2\/media\/2209"}],"wp:attachment":[{"href":"https:\/\/www.radiomais.ao\/index.php\/wp-json\/wp\/v2\/media?parent=2208"}],"wp:term":[{"taxonomy":"category","embeddable":true,"href":"https:\/\/www.radiomais.ao\/index.php\/wp-json\/wp\/v2\/categories?post=2208"},{"taxonomy":"post_tag","embeddable":true,"href":"https:\/\/www.radiomais.ao\/index.php\/wp-json\/wp\/v2\/tags?post=2208"}],"curies":[{"name":"wp","href":"https:\/\/api.w.org\/{rel}","templated":true}]}}