{"id":2211,"date":"2025-09-19T14:17:29","date_gmt":"2025-09-19T13:17:29","guid":{"rendered":"https:\/\/www.radiomais.ao\/?p=2211"},"modified":"2025-09-19T14:19:42","modified_gmt":"2025-09-19T13:19:42","slug":"o-hospital-provincial-sanatorio-de-malanje-regista-um-aumento-no-abandono-do-tratamento-da-tuberculose","status":"publish","type":"post","link":"https:\/\/www.radiomais.ao\/index.php\/2025\/09\/19\/o-hospital-provincial-sanatorio-de-malanje-regista-um-aumento-no-abandono-do-tratamento-da-tuberculose\/","title":{"rendered":"O Hospital Provincial Sanat\u00f3rio de Malanje regista um aumento no abandono do tratamento da tuberculose."},"content":{"rendered":"\n<p>com 63 doentes atualmente internados e v\u00e1rios \u00f3bitos j\u00e1 registados, numa situa\u00e7\u00e3o agravada por doen\u00e7as associadas como diabetes, mal\u00e1ria e anemia severa.<\/p>\n","protected":false},"excerpt":{"rendered":"<p>com 63 doentes atualmente internados e v\u00e1rios \u00f3bitos j\u00e1 registados, numa situa\u00e7\u00e3o agravada por doen\u00e7as associadas como diabetes, mal\u00e1ria e anemia severa.<\/p>\n","protected":false},"author":3,"featured_media":2213,"comment_status":"open","ping_status":"open","sticky":false,"template":"","format":"standard","meta":{"footnotes":""},"categories":[16],"tags":[],"class_list":["post-2211","post","type-post","status-publish","format-standard","has-post-thumbnail","hentry","category-actualidade"],"blocksy_meta":[],"_links":{"self":[{"href":"https:\/\/www.radiomais.ao\/index.php\/wp-json\/wp\/v2\/posts\/2211","targetHints":{"allow":["GET"]}}],"collection":[{"href":"https:\/\/www.radiomais.ao\/index.php\/wp-json\/wp\/v2\/posts"}],"about":[{"href":"https:\/\/www.radiomais.ao\/index.php\/wp-json\/wp\/v2\/types\/post"}],"author":[{"embeddable":true,"href":"https:\/\/www.radiomais.ao\/index.php\/wp-json\/wp\/v2\/users\/3"}],"replies":[{"embeddable":true,"href":"https:\/\/www.radiomais.ao\/index.php\/wp-json\/wp\/v2\/comments?post=2211"}],"version-history":[{"count":1,"href":"https:\/\/www.radiomais.ao\/index.php\/wp-json\/wp\/v2\/posts\/2211\/revisions"}],"predecessor-version":[{"id":2212,"href":"https:\/\/www.radiomais.ao\/index.php\/wp-json\/wp\/v2\/posts\/2211\/revisions\/2212"}],"wp:featuredmedia":[{"embeddable":true,"href":"https:\/\/www.radiomais.ao\/index.php\/wp-json\/wp\/v2\/media\/2213"}],"wp:attachment":[{"href":"https:\/\/www.radiomais.ao\/index.php\/wp-json\/wp\/v2\/media?parent=2211"}],"wp:term":[{"taxonomy":"category","embeddable":true,"href":"https:\/\/www.radiomais.ao\/index.php\/wp-json\/wp\/v2\/categories?post=2211"},{"taxonomy":"post_tag","embeddable":true,"href":"https:\/\/www.radiomais.ao\/index.php\/wp-json\/wp\/v2\/tags?post=2211"}],"curies":[{"name":"wp","href":"https:\/\/api.w.org\/{rel}","templated":true}]}}