{"id":2215,"date":"2025-09-22T10:56:05","date_gmt":"2025-09-22T09:56:05","guid":{"rendered":"https:\/\/www.radiomais.ao\/?p=2215"},"modified":"2025-09-22T10:56:05","modified_gmt":"2025-09-22T09:56:05","slug":"pgr-admite-degradacao-de-imoveis-apreendidos-e-chama-atencao-a-fieis-depositarios","status":"publish","type":"post","link":"https:\/\/www.radiomais.ao\/index.php\/2025\/09\/22\/pgr-admite-degradacao-de-imoveis-apreendidos-e-chama-atencao-a-fieis-depositarios\/","title":{"rendered":"PGR admite degrada\u00e7\u00e3o de im\u00f3veis apreendidos e chama aten\u00e7\u00e3o a fi\u00e9is deposit\u00e1rios."},"content":{"rendered":"\n<p><strong>O director do Servi\u00e7o Nacional de Recupera\u00e7\u00e3o de Activos, sub- procurador-geral Africano G\u00e2mboa, admitiu recentemente, em Benguela, em declara\u00e7\u00f5es \u00e0 imprensa, a degrada\u00e7\u00e3o de alguns edif\u00edcios apreendidos e\/ou arrestados, no \u00e2mbito do combate \u00e0 corrup\u00e7\u00e3o \u2014 bandeira de governa\u00e7\u00e3o do Presidente Jo\u00e3o Louren\u00e7o. O magistrado chama a aten\u00e7\u00e3o para os fi\u00e9is deposit\u00e1rios, a quem se confiou a guarda dos im\u00f3veis<\/strong>. Fonte <strong><em><a href=\"https:\/\/www.opais.ao\/sociedade\/pgr-admite-degradacao-de-imoveis-apreendidos-e-chama-atencao-a-fieis-depositarios\/\">Opais <\/a><\/em><\/strong><\/p>\n","protected":false},"excerpt":{"rendered":"<p>O director do Servi\u00e7o Nacional de Recupera\u00e7\u00e3o de Activos, sub- procurador-geral Africano G\u00e2mboa, admitiu recentemente, em Benguela, em declara\u00e7\u00f5es \u00e0 imprensa, a degrada\u00e7\u00e3o de alguns edif\u00edcios apreendidos e\/ou arrestados, no \u00e2mbito do combate \u00e0 corrup\u00e7\u00e3o \u2014 bandeira de governa\u00e7\u00e3o do Presidente Jo\u00e3o Louren\u00e7o. O magistrado chama a aten\u00e7\u00e3o para os fi\u00e9is deposit\u00e1rios, a quem se [&hellip;]<\/p>\n","protected":false},"author":3,"featured_media":2216,"comment_status":"open","ping_status":"open","sticky":false,"template":"","format":"standard","meta":{"footnotes":""},"categories":[1],"tags":[647,645,646,232],"class_list":["post-2215","post","type-post","status-publish","format-standard","has-post-thumbnail","hentry","category-uncategorized","tag-apreendidos","tag-desraque","tag-imoveis","tag-pgr"],"blocksy_meta":[],"_links":{"self":[{"href":"https:\/\/www.radiomais.ao\/index.php\/wp-json\/wp\/v2\/posts\/2215","targetHints":{"allow":["GET"]}}],"collection":[{"href":"https:\/\/www.radiomais.ao\/index.php\/wp-json\/wp\/v2\/posts"}],"about":[{"href":"https:\/\/www.radiomais.ao\/index.php\/wp-json\/wp\/v2\/types\/post"}],"author":[{"embeddable":true,"href":"https:\/\/www.radiomais.ao\/index.php\/wp-json\/wp\/v2\/users\/3"}],"replies":[{"embeddable":true,"href":"https:\/\/www.radiomais.ao\/index.php\/wp-json\/wp\/v2\/comments?post=2215"}],"version-history":[{"count":1,"href":"https:\/\/www.radiomais.ao\/index.php\/wp-json\/wp\/v2\/posts\/2215\/revisions"}],"predecessor-version":[{"id":2217,"href":"https:\/\/www.radiomais.ao\/index.php\/wp-json\/wp\/v2\/posts\/2215\/revisions\/2217"}],"wp:featuredmedia":[{"embeddable":true,"href":"https:\/\/www.radiomais.ao\/index.php\/wp-json\/wp\/v2\/media\/2216"}],"wp:attachment":[{"href":"https:\/\/www.radiomais.ao\/index.php\/wp-json\/wp\/v2\/media?parent=2215"}],"wp:term":[{"taxonomy":"category","embeddable":true,"href":"https:\/\/www.radiomais.ao\/index.php\/wp-json\/wp\/v2\/categories?post=2215"},{"taxonomy":"post_tag","embeddable":true,"href":"https:\/\/www.radiomais.ao\/index.php\/wp-json\/wp\/v2\/tags?post=2215"}],"curies":[{"name":"wp","href":"https:\/\/api.w.org\/{rel}","templated":true}]}}