{"id":2218,"date":"2025-09-22T11:01:55","date_gmt":"2025-09-22T10:01:55","guid":{"rendered":"https:\/\/www.radiomais.ao\/?p=2218"},"modified":"2025-09-22T11:01:55","modified_gmt":"2025-09-22T10:01:55","slug":"presidente-da-republica-realca-potencial-de-africa-na-resposta-as-crises-energetica-e-alimentar","status":"publish","type":"post","link":"https:\/\/www.radiomais.ao\/index.php\/2025\/09\/22\/presidente-da-republica-realca-potencial-de-africa-na-resposta-as-crises-energetica-e-alimentar\/","title":{"rendered":"Presidente da Rep\u00fablica real\u00e7a potencial de \u00c1frica na resposta \u00e0s crises energ\u00e9tica e alimentar."},"content":{"rendered":"\n<p>O Presidente da Rep\u00fablica e da Uni\u00e3o Africana, Jo\u00e3o Louren\u00e7o, afirmou, este domingo, em Nova Iorque, que o continente africano possui recursos estrat\u00e9gicos que o tornam decisivo para enfrentar as actuais crises energ\u00e9tica e alimentar que afectam o mundo.  Fonte <strong><em><a href=\"https:\/\/www.opais.ao\/politica\/presidente-da-republica-realca-potencial-de-africa-na-resposta-as-crises-energetica-e-alimentar\/\">Opa\u00eds<\/a><\/em><\/strong><\/p>\n","protected":false},"excerpt":{"rendered":"<p>O Presidente da Rep\u00fablica e da Uni\u00e3o Africana, Jo\u00e3o Louren\u00e7o, afirmou, este domingo, em Nova Iorque, que o continente africano possui recursos estrat\u00e9gicos que o tornam decisivo para enfrentar as actuais crises energ\u00e9tica e alimentar que afectam o mundo. Fonte Opa\u00eds<\/p>\n","protected":false},"author":3,"featured_media":2219,"comment_status":"open","ping_status":"open","sticky":false,"template":"","format":"standard","meta":{"footnotes":""},"categories":[16],"tags":[648,115],"class_list":["post-2218","post","type-post","status-publish","format-standard","has-post-thumbnail","hentry","category-actualidade","tag-potencial-de-africa","tag-presidente-da-republica"],"blocksy_meta":[],"_links":{"self":[{"href":"https:\/\/www.radiomais.ao\/index.php\/wp-json\/wp\/v2\/posts\/2218","targetHints":{"allow":["GET"]}}],"collection":[{"href":"https:\/\/www.radiomais.ao\/index.php\/wp-json\/wp\/v2\/posts"}],"about":[{"href":"https:\/\/www.radiomais.ao\/index.php\/wp-json\/wp\/v2\/types\/post"}],"author":[{"embeddable":true,"href":"https:\/\/www.radiomais.ao\/index.php\/wp-json\/wp\/v2\/users\/3"}],"replies":[{"embeddable":true,"href":"https:\/\/www.radiomais.ao\/index.php\/wp-json\/wp\/v2\/comments?post=2218"}],"version-history":[{"count":1,"href":"https:\/\/www.radiomais.ao\/index.php\/wp-json\/wp\/v2\/posts\/2218\/revisions"}],"predecessor-version":[{"id":2220,"href":"https:\/\/www.radiomais.ao\/index.php\/wp-json\/wp\/v2\/posts\/2218\/revisions\/2220"}],"wp:featuredmedia":[{"embeddable":true,"href":"https:\/\/www.radiomais.ao\/index.php\/wp-json\/wp\/v2\/media\/2219"}],"wp:attachment":[{"href":"https:\/\/www.radiomais.ao\/index.php\/wp-json\/wp\/v2\/media?parent=2218"}],"wp:term":[{"taxonomy":"category","embeddable":true,"href":"https:\/\/www.radiomais.ao\/index.php\/wp-json\/wp\/v2\/categories?post=2218"},{"taxonomy":"post_tag","embeddable":true,"href":"https:\/\/www.radiomais.ao\/index.php\/wp-json\/wp\/v2\/tags?post=2218"}],"curies":[{"name":"wp","href":"https:\/\/api.w.org\/{rel}","templated":true}]}}