{"id":2230,"date":"2025-09-22T11:25:56","date_gmt":"2025-09-22T10:25:56","guid":{"rendered":"https:\/\/www.radiomais.ao\/?p=2230"},"modified":"2025-09-22T11:25:56","modified_gmt":"2025-09-22T10:25:56","slug":"ministerio-do-interior-inicia-hoje-simposio-sobre-etica-institucional-em-benguela","status":"publish","type":"post","link":"https:\/\/www.radiomais.ao\/index.php\/2025\/09\/22\/ministerio-do-interior-inicia-hoje-simposio-sobre-etica-institucional-em-benguela\/","title":{"rendered":"Minist\u00e9rio do Interior inicia hoje simp\u00f3sio sobre \u00c9tica Institucional em Benguela."},"content":{"rendered":"\n<p>O Minist\u00e9rio do Interior vai dar in\u00edcio, a partir desta segunda-feira, 22, em Benguela, ao Simp\u00f3sio Regional Centro-Sul sobre \u00c9tica Institucional\u2014 um evento focado no tema \u201cCompromisso e valor: caminho para a excel\u00eancia institucional\u201d. Fonte <strong><em><a href=\"https:\/\/www.opais.ao\/sociedade\/ministerio-do-interior-inicia-hoje-simposio-sobre-etica-institucional-em-benguela\/\">Opa\u00eds<\/a><\/em><\/strong><\/p>\n","protected":false},"excerpt":{"rendered":"<p>O Minist\u00e9rio do Interior vai dar in\u00edcio, a partir desta segunda-feira, 22, em Benguela, ao Simp\u00f3sio Regional Centro-Sul sobre \u00c9tica Institucional\u2014 um evento focado no tema \u201cCompromisso e valor: caminho para a excel\u00eancia institucional\u201d. Fonte Opa\u00eds<\/p>\n","protected":false},"author":3,"featured_media":2231,"comment_status":"open","ping_status":"open","sticky":false,"template":"","format":"standard","meta":{"footnotes":""},"categories":[16],"tags":[656,655],"class_list":["post-2230","post","type-post","status-publish","format-standard","has-post-thumbnail","hentry","category-actualidade","tag-minint","tag-simposio-sobre-etica"],"blocksy_meta":[],"_links":{"self":[{"href":"https:\/\/www.radiomais.ao\/index.php\/wp-json\/wp\/v2\/posts\/2230","targetHints":{"allow":["GET"]}}],"collection":[{"href":"https:\/\/www.radiomais.ao\/index.php\/wp-json\/wp\/v2\/posts"}],"about":[{"href":"https:\/\/www.radiomais.ao\/index.php\/wp-json\/wp\/v2\/types\/post"}],"author":[{"embeddable":true,"href":"https:\/\/www.radiomais.ao\/index.php\/wp-json\/wp\/v2\/users\/3"}],"replies":[{"embeddable":true,"href":"https:\/\/www.radiomais.ao\/index.php\/wp-json\/wp\/v2\/comments?post=2230"}],"version-history":[{"count":1,"href":"https:\/\/www.radiomais.ao\/index.php\/wp-json\/wp\/v2\/posts\/2230\/revisions"}],"predecessor-version":[{"id":2232,"href":"https:\/\/www.radiomais.ao\/index.php\/wp-json\/wp\/v2\/posts\/2230\/revisions\/2232"}],"wp:featuredmedia":[{"embeddable":true,"href":"https:\/\/www.radiomais.ao\/index.php\/wp-json\/wp\/v2\/media\/2231"}],"wp:attachment":[{"href":"https:\/\/www.radiomais.ao\/index.php\/wp-json\/wp\/v2\/media?parent=2230"}],"wp:term":[{"taxonomy":"category","embeddable":true,"href":"https:\/\/www.radiomais.ao\/index.php\/wp-json\/wp\/v2\/categories?post=2230"},{"taxonomy":"post_tag","embeddable":true,"href":"https:\/\/www.radiomais.ao\/index.php\/wp-json\/wp\/v2\/tags?post=2230"}],"curies":[{"name":"wp","href":"https:\/\/api.w.org\/{rel}","templated":true}]}}