{"id":2233,"date":"2025-09-22T11:52:11","date_gmt":"2025-09-22T10:52:11","guid":{"rendered":"https:\/\/www.radiomais.ao\/?p=2233"},"modified":"2025-09-22T11:52:11","modified_gmt":"2025-09-22T10:52:11","slug":"venda-de-descodificador-de-televisao-termina-em-morte-em-malanje","status":"publish","type":"post","link":"https:\/\/www.radiomais.ao\/index.php\/2025\/09\/22\/venda-de-descodificador-de-televisao-termina-em-morte-em-malanje\/","title":{"rendered":"Venda de descodificador de televis\u00e3o termina em morte em Malanje."},"content":{"rendered":"\n<p>Um cidad\u00e3o nacional, de 19 anos de idade, foi detido, recentemente, pelo Servi\u00e7o de Investiga\u00e7\u00e3o Criminal (SIC), implicado no crime de homic\u00eddio qualificado em raz\u00e3o dos motivos. Fonte <strong><em><a href=\"https:\/\/www.opais.ao\/sociedade\/venda-de-descodificador-de-televisao-termina-em-morte-em-malanje\/\">Opa\u00eds<\/a><\/em><\/strong><\/p>\n","protected":false},"excerpt":{"rendered":"<p>Um cidad\u00e3o nacional, de 19 anos de idade, foi detido, recentemente, pelo Servi\u00e7o de Investiga\u00e7\u00e3o Criminal (SIC), implicado no crime de homic\u00eddio qualificado em raz\u00e3o dos motivos. Fonte Opa\u00eds<\/p>\n","protected":false},"author":3,"featured_media":2234,"comment_status":"open","ping_status":"open","sticky":false,"template":"","format":"standard","meta":{"footnotes":""},"categories":[16],"tags":[657,169],"class_list":["post-2233","post","type-post","status-publish","format-standard","has-post-thumbnail","hentry","category-actualidade","tag-descodificador","tag-morte"],"blocksy_meta":[],"_links":{"self":[{"href":"https:\/\/www.radiomais.ao\/index.php\/wp-json\/wp\/v2\/posts\/2233","targetHints":{"allow":["GET"]}}],"collection":[{"href":"https:\/\/www.radiomais.ao\/index.php\/wp-json\/wp\/v2\/posts"}],"about":[{"href":"https:\/\/www.radiomais.ao\/index.php\/wp-json\/wp\/v2\/types\/post"}],"author":[{"embeddable":true,"href":"https:\/\/www.radiomais.ao\/index.php\/wp-json\/wp\/v2\/users\/3"}],"replies":[{"embeddable":true,"href":"https:\/\/www.radiomais.ao\/index.php\/wp-json\/wp\/v2\/comments?post=2233"}],"version-history":[{"count":1,"href":"https:\/\/www.radiomais.ao\/index.php\/wp-json\/wp\/v2\/posts\/2233\/revisions"}],"predecessor-version":[{"id":2235,"href":"https:\/\/www.radiomais.ao\/index.php\/wp-json\/wp\/v2\/posts\/2233\/revisions\/2235"}],"wp:featuredmedia":[{"embeddable":true,"href":"https:\/\/www.radiomais.ao\/index.php\/wp-json\/wp\/v2\/media\/2234"}],"wp:attachment":[{"href":"https:\/\/www.radiomais.ao\/index.php\/wp-json\/wp\/v2\/media?parent=2233"}],"wp:term":[{"taxonomy":"category","embeddable":true,"href":"https:\/\/www.radiomais.ao\/index.php\/wp-json\/wp\/v2\/categories?post=2233"},{"taxonomy":"post_tag","embeddable":true,"href":"https:\/\/www.radiomais.ao\/index.php\/wp-json\/wp\/v2\/tags?post=2233"}],"curies":[{"name":"wp","href":"https:\/\/api.w.org\/{rel}","templated":true}]}}