{"id":2239,"date":"2025-09-22T12:03:58","date_gmt":"2025-09-22T11:03:58","guid":{"rendered":"https:\/\/www.radiomais.ao\/?p=2239"},"modified":"2025-09-22T12:03:58","modified_gmt":"2025-09-22T11:03:58","slug":"tribunal-de-viana-ouve-altos-responsaveis-do-estado-no-caso-agt","status":"publish","type":"post","link":"https:\/\/www.radiomais.ao\/index.php\/2025\/09\/22\/tribunal-de-viana-ouve-altos-responsaveis-do-estado-no-caso-agt\/","title":{"rendered":"Tribunal de Viana ouve altos respons\u00e1veis do Estado no \u201ccaso AGT\u201d."},"content":{"rendered":"\n<p><strong>O Tribunal da Comarca de Viana realiza amanh\u00e3, ter\u00e7a-feira, 23, \u00e0s 9h00, a segunda sess\u00e3o de instru\u00e7\u00e3o contradit\u00f3ria no \u00e2mbito do processo n.\u00ba 2378\/25-M.\u00baP.\u00ba, conhecido como \u201ccaso AGT\u201d<\/strong>. Fonte <strong><em><a href=\"https:\/\/www.opais.ao\/sociedade\/tribunal-de-viana-ouve-altos-responsaveis-do-estado-no-caso-agt\/\">Opa\u00eds<\/a><\/em><\/strong><\/p>\n","protected":false},"excerpt":{"rendered":"<p>O Tribunal da Comarca de Viana realiza amanh\u00e3, ter\u00e7a-feira, 23, \u00e0s 9h00, a segunda sess\u00e3o de instru\u00e7\u00e3o contradit\u00f3ria no \u00e2mbito do processo n.\u00ba 2378\/25-M.\u00baP.\u00ba, conhecido como \u201ccaso AGT\u201d. Fonte Opa\u00eds<\/p>\n","protected":false},"author":3,"featured_media":2240,"comment_status":"open","ping_status":"open","sticky":false,"template":"","format":"standard","meta":{"footnotes":""},"categories":[16],"tags":[659,225,315],"class_list":["post-2239","post","type-post","status-publish","format-standard","has-post-thumbnail","hentry","category-actualidade","tag-caso-agt","tag-tribunal","tag-viana"],"blocksy_meta":[],"_links":{"self":[{"href":"https:\/\/www.radiomais.ao\/index.php\/wp-json\/wp\/v2\/posts\/2239","targetHints":{"allow":["GET"]}}],"collection":[{"href":"https:\/\/www.radiomais.ao\/index.php\/wp-json\/wp\/v2\/posts"}],"about":[{"href":"https:\/\/www.radiomais.ao\/index.php\/wp-json\/wp\/v2\/types\/post"}],"author":[{"embeddable":true,"href":"https:\/\/www.radiomais.ao\/index.php\/wp-json\/wp\/v2\/users\/3"}],"replies":[{"embeddable":true,"href":"https:\/\/www.radiomais.ao\/index.php\/wp-json\/wp\/v2\/comments?post=2239"}],"version-history":[{"count":1,"href":"https:\/\/www.radiomais.ao\/index.php\/wp-json\/wp\/v2\/posts\/2239\/revisions"}],"predecessor-version":[{"id":2241,"href":"https:\/\/www.radiomais.ao\/index.php\/wp-json\/wp\/v2\/posts\/2239\/revisions\/2241"}],"wp:featuredmedia":[{"embeddable":true,"href":"https:\/\/www.radiomais.ao\/index.php\/wp-json\/wp\/v2\/media\/2240"}],"wp:attachment":[{"href":"https:\/\/www.radiomais.ao\/index.php\/wp-json\/wp\/v2\/media?parent=2239"}],"wp:term":[{"taxonomy":"category","embeddable":true,"href":"https:\/\/www.radiomais.ao\/index.php\/wp-json\/wp\/v2\/categories?post=2239"},{"taxonomy":"post_tag","embeddable":true,"href":"https:\/\/www.radiomais.ao\/index.php\/wp-json\/wp\/v2\/tags?post=2239"}],"curies":[{"name":"wp","href":"https:\/\/api.w.org\/{rel}","templated":true}]}}