{"id":2242,"date":"2025-09-22T12:10:17","date_gmt":"2025-09-22T11:10:17","guid":{"rendered":"https:\/\/www.radiomais.ao\/?p=2242"},"modified":"2025-09-22T12:10:17","modified_gmt":"2025-09-22T11:10:17","slug":"teidy-cawissi-destaca-se-na-28a-edicao-do-festival-da-cancao-com-dois-premios","status":"publish","type":"post","link":"https:\/\/www.radiomais.ao\/index.php\/2025\/09\/22\/teidy-cawissi-destaca-se-na-28a-edicao-do-festival-da-cancao-com-dois-premios\/","title":{"rendered":"Teidy Cawissi destaca-se na 28\u00aa edi\u00e7\u00e3o do Festival da Can\u00e7\u00e3o com dois pr\u00e9mios."},"content":{"rendered":"\n<p><strong>A m\u00fasica \u201cAcredite\u201d, da autoria de Teidy Cawissi, sagrou-se vencedora da 28.\u00aa edi\u00e7\u00e3o do Festival da Can\u00e7\u00e3o de Luanda, numa edi\u00e7\u00e3o que prestou homenagem \u00e0 cidade hist\u00f3rica de Mbanza Kongo, Patrim\u00f3nio Mundial da Humanidade desde 2017, exaltando o legado cultural do antigo Reino do Congo<\/strong>. Fonte <strong><em><a href=\"https:\/\/www.opais.ao\/cultura\/teidy-cawissi-destaca-se-na-28a-edicao-do-festival-da-cancao-com-dois-premios\/\">Opa\u00eds<\/a><\/em><\/strong><\/p>\n","protected":false},"excerpt":{"rendered":"<p>A m\u00fasica \u201cAcredite\u201d, da autoria de Teidy Cawissi, sagrou-se vencedora da 28.\u00aa edi\u00e7\u00e3o do Festival da Can\u00e7\u00e3o de Luanda, numa edi\u00e7\u00e3o que prestou homenagem \u00e0 cidade hist\u00f3rica de Mbanza Kongo, Patrim\u00f3nio Mundial da Humanidade desde 2017, exaltando o legado cultural do antigo Reino do Congo. Fonte Opa\u00eds<\/p>\n","protected":false},"author":3,"featured_media":2243,"comment_status":"open","ping_status":"open","sticky":false,"template":"","format":"standard","meta":{"footnotes":""},"categories":[16],"tags":[660,146],"class_list":["post-2242","post","type-post","status-publish","format-standard","has-post-thumbnail","hentry","category-actualidade","tag-28a-edicao","tag-festival-da-cancao"],"blocksy_meta":[],"_links":{"self":[{"href":"https:\/\/www.radiomais.ao\/index.php\/wp-json\/wp\/v2\/posts\/2242","targetHints":{"allow":["GET"]}}],"collection":[{"href":"https:\/\/www.radiomais.ao\/index.php\/wp-json\/wp\/v2\/posts"}],"about":[{"href":"https:\/\/www.radiomais.ao\/index.php\/wp-json\/wp\/v2\/types\/post"}],"author":[{"embeddable":true,"href":"https:\/\/www.radiomais.ao\/index.php\/wp-json\/wp\/v2\/users\/3"}],"replies":[{"embeddable":true,"href":"https:\/\/www.radiomais.ao\/index.php\/wp-json\/wp\/v2\/comments?post=2242"}],"version-history":[{"count":1,"href":"https:\/\/www.radiomais.ao\/index.php\/wp-json\/wp\/v2\/posts\/2242\/revisions"}],"predecessor-version":[{"id":2244,"href":"https:\/\/www.radiomais.ao\/index.php\/wp-json\/wp\/v2\/posts\/2242\/revisions\/2244"}],"wp:featuredmedia":[{"embeddable":true,"href":"https:\/\/www.radiomais.ao\/index.php\/wp-json\/wp\/v2\/media\/2243"}],"wp:attachment":[{"href":"https:\/\/www.radiomais.ao\/index.php\/wp-json\/wp\/v2\/media?parent=2242"}],"wp:term":[{"taxonomy":"category","embeddable":true,"href":"https:\/\/www.radiomais.ao\/index.php\/wp-json\/wp\/v2\/categories?post=2242"},{"taxonomy":"post_tag","embeddable":true,"href":"https:\/\/www.radiomais.ao\/index.php\/wp-json\/wp\/v2\/tags?post=2242"}],"curies":[{"name":"wp","href":"https:\/\/api.w.org\/{rel}","templated":true}]}}