{"id":2248,"date":"2025-09-23T09:09:43","date_gmt":"2025-09-23T08:09:43","guid":{"rendered":"https:\/\/www.radiomais.ao\/?p=2248"},"modified":"2025-09-23T09:10:56","modified_gmt":"2025-09-23T08:10:56","slug":"bna-diz-que-divida-de-empresas-privadas-e-particulares-atinge-mais-de-7-bilioes-de-kwanzas-em-agosto","status":"publish","type":"post","link":"https:\/\/www.radiomais.ao\/index.php\/2025\/09\/23\/bna-diz-que-divida-de-empresas-privadas-e-particulares-atinge-mais-de-7-bilioes-de-kwanzas-em-agosto\/","title":{"rendered":"BNA diz que d\u00edvida de empresas privadas e particulares atinge mais de 7 bili\u00f5es de kwanzas em Agosto."},"content":{"rendered":"\n<p><strong>A d\u00edvida das empresas privadas e particulares do pa\u00eds aumentou num total de 728,2 mil milh\u00f5es de Kwanzas, representando 11,4 por cento. A d\u00edvida do sector privado saiu de 6,4 bili\u00f5es de Kwanzas para 7,1 bili\u00f5es de Kwanzas em Agosto deste ano se comparado com o per\u00edodo hom\u00f3logo<\/strong>. Fonte <strong><em><a href=\"https:\/\/www.opais.ao\/economia\/bna-diz-que-divida-de-empresas-privadas-e-particulares-atinge-mais-de-7-bilioes-de-kwanzas-em-agosto\/\">Opa\u00eds<\/a><\/em><\/strong><\/p>\n\n\n\n<p><\/p>\n","protected":false},"excerpt":{"rendered":"<p>A d\u00edvida das empresas privadas e particulares do pa\u00eds aumentou num total de 728,2 mil milh\u00f5es de Kwanzas, representando 11,4 por cento. A d\u00edvida do sector privado saiu de 6,4 bili\u00f5es de Kwanzas para 7,1 bili\u00f5es de Kwanzas em Agosto deste ano se comparado com o per\u00edodo hom\u00f3logo. Fonte Opa\u00eds<\/p>\n","protected":false},"author":3,"featured_media":2249,"comment_status":"open","ping_status":"open","sticky":false,"template":"","format":"standard","meta":{"footnotes":""},"categories":[],"tags":[663,22,664],"class_list":["post-2248","post","type-post","status-publish","format-standard","has-post-thumbnail","hentry","tag-bna","tag-destaque","tag-dividas"],"blocksy_meta":[],"_links":{"self":[{"href":"https:\/\/www.radiomais.ao\/index.php\/wp-json\/wp\/v2\/posts\/2248","targetHints":{"allow":["GET"]}}],"collection":[{"href":"https:\/\/www.radiomais.ao\/index.php\/wp-json\/wp\/v2\/posts"}],"about":[{"href":"https:\/\/www.radiomais.ao\/index.php\/wp-json\/wp\/v2\/types\/post"}],"author":[{"embeddable":true,"href":"https:\/\/www.radiomais.ao\/index.php\/wp-json\/wp\/v2\/users\/3"}],"replies":[{"embeddable":true,"href":"https:\/\/www.radiomais.ao\/index.php\/wp-json\/wp\/v2\/comments?post=2248"}],"version-history":[{"count":1,"href":"https:\/\/www.radiomais.ao\/index.php\/wp-json\/wp\/v2\/posts\/2248\/revisions"}],"predecessor-version":[{"id":2250,"href":"https:\/\/www.radiomais.ao\/index.php\/wp-json\/wp\/v2\/posts\/2248\/revisions\/2250"}],"wp:featuredmedia":[{"embeddable":true,"href":"https:\/\/www.radiomais.ao\/index.php\/wp-json\/wp\/v2\/media\/2249"}],"wp:attachment":[{"href":"https:\/\/www.radiomais.ao\/index.php\/wp-json\/wp\/v2\/media?parent=2248"}],"wp:term":[{"taxonomy":"category","embeddable":true,"href":"https:\/\/www.radiomais.ao\/index.php\/wp-json\/wp\/v2\/categories?post=2248"},{"taxonomy":"post_tag","embeddable":true,"href":"https:\/\/www.radiomais.ao\/index.php\/wp-json\/wp\/v2\/tags?post=2248"}],"curies":[{"name":"wp","href":"https:\/\/api.w.org\/{rel}","templated":true}]}}