{"id":2251,"date":"2025-09-23T09:38:19","date_gmt":"2025-09-23T08:38:19","guid":{"rendered":"https:\/\/www.radiomais.ao\/?p=2251"},"modified":"2025-09-23T09:38:19","modified_gmt":"2025-09-23T08:38:19","slug":"joao-lourenco-exige-assentos-permanentes-para-africa-no-conselho-de-seguranca-da-onu","status":"publish","type":"post","link":"https:\/\/www.radiomais.ao\/index.php\/2025\/09\/23\/joao-lourenco-exige-assentos-permanentes-para-africa-no-conselho-de-seguranca-da-onu\/","title":{"rendered":"Jo\u00e3o Louren\u00e7o \u201cexige\u201d assentos permanentes para \u00c1frica no Conselho de Seguran\u00e7a da ONU."},"content":{"rendered":"\n<p><strong>O Presidente da Rep\u00fablica e Presidente em exerc\u00edcio da Uni\u00e3o Africana (UA), Jo\u00e3o Louren\u00e7o, defendeu ontem, em Nova Iorque, a necessidade urgente de se corrigir as injusti\u00e7as hist\u00f3ricas contra \u00c1frica no seio das Na\u00e7\u00f5es Unidas, tendo reiterado que o continente deve ter, pelo menos, dois assentos permanentes e cinco n\u00e3o permanentes no Conselho de Seguran\u00e7a<\/strong>. Fonte <strong><em><a href=\"https:\/\/www.opais.ao\/politica\/joao-lourenco-exige-assentos-permanentes-para-africa-no-conselho-de-seguranca-da-onu\/\">Opa\u00eds<\/a><\/em><\/strong><\/p>\n","protected":false},"excerpt":{"rendered":"<p>O Presidente da Rep\u00fablica e Presidente em exerc\u00edcio da Uni\u00e3o Africana (UA), Jo\u00e3o Louren\u00e7o, defendeu ontem, em Nova Iorque, a necessidade urgente de se corrigir as injusti\u00e7as hist\u00f3ricas contra \u00c1frica no seio das Na\u00e7\u00f5es Unidas, tendo reiterado que o continente deve ter, pelo menos, dois assentos permanentes e cinco n\u00e3o permanentes no Conselho de Seguran\u00e7a. [&hellip;]<\/p>\n","protected":false},"author":3,"featured_media":2252,"comment_status":"open","ping_status":"open","sticky":false,"template":"","format":"standard","meta":{"footnotes":""},"categories":[16],"tags":[667,665,666],"class_list":["post-2251","post","type-post","status-publish","format-standard","has-post-thumbnail","hentry","category-actualidade","tag-africa","tag-africa-no-conselho","tag-onu"],"blocksy_meta":[],"_links":{"self":[{"href":"https:\/\/www.radiomais.ao\/index.php\/wp-json\/wp\/v2\/posts\/2251","targetHints":{"allow":["GET"]}}],"collection":[{"href":"https:\/\/www.radiomais.ao\/index.php\/wp-json\/wp\/v2\/posts"}],"about":[{"href":"https:\/\/www.radiomais.ao\/index.php\/wp-json\/wp\/v2\/types\/post"}],"author":[{"embeddable":true,"href":"https:\/\/www.radiomais.ao\/index.php\/wp-json\/wp\/v2\/users\/3"}],"replies":[{"embeddable":true,"href":"https:\/\/www.radiomais.ao\/index.php\/wp-json\/wp\/v2\/comments?post=2251"}],"version-history":[{"count":1,"href":"https:\/\/www.radiomais.ao\/index.php\/wp-json\/wp\/v2\/posts\/2251\/revisions"}],"predecessor-version":[{"id":2253,"href":"https:\/\/www.radiomais.ao\/index.php\/wp-json\/wp\/v2\/posts\/2251\/revisions\/2253"}],"wp:featuredmedia":[{"embeddable":true,"href":"https:\/\/www.radiomais.ao\/index.php\/wp-json\/wp\/v2\/media\/2252"}],"wp:attachment":[{"href":"https:\/\/www.radiomais.ao\/index.php\/wp-json\/wp\/v2\/media?parent=2251"}],"wp:term":[{"taxonomy":"category","embeddable":true,"href":"https:\/\/www.radiomais.ao\/index.php\/wp-json\/wp\/v2\/categories?post=2251"},{"taxonomy":"post_tag","embeddable":true,"href":"https:\/\/www.radiomais.ao\/index.php\/wp-json\/wp\/v2\/tags?post=2251"}],"curies":[{"name":"wp","href":"https:\/\/api.w.org\/{rel}","templated":true}]}}