{"id":2254,"date":"2025-09-23T10:41:38","date_gmt":"2025-09-23T09:41:38","guid":{"rendered":"https:\/\/www.radiomais.ao\/?p=2254"},"modified":"2025-09-23T10:41:38","modified_gmt":"2025-09-23T09:41:38","slug":"pai-viola-as-duas-filhas-de-tres-e-13-anos-no-talatona","status":"publish","type":"post","link":"https:\/\/www.radiomais.ao\/index.php\/2025\/09\/23\/pai-viola-as-duas-filhas-de-tres-e-13-anos-no-talatona\/","title":{"rendered":"Pai viola as duas filhas de tr\u00eas e 13 anos no Talatona."},"content":{"rendered":"\n<p><strong>O Instituto Nacional da Crian\u00e7a (INAC) recebeu, entre 14 e 20 de Setembro, um total de 609 den\u00fancias de viol\u00eancia contra menores em todo o pa\u00eds, atrav\u00e9s da linha SOS-Crian\u00e7a 15015. Os casos mais graves ocorreram nas prov\u00edncias do Cunene, Luanda, U\u00edge e Zaire, envolvendo situa\u00e7\u00f5es de abuso sexu- al, viol\u00eancia f\u00edsica, trabalho infantil e disputas de guarda<\/strong>. Fonte <strong><em><a href=\"\/\/www.opais.ao\/sociedade\/pai-viola-as-duas-filhas-de-tres-e-13-anos-no-talatona\/\">Opa\u00eds<\/a><\/em><\/strong><\/p>\n\n\n\n<p><\/p>\n","protected":false},"excerpt":{"rendered":"<p>O Instituto Nacional da Crian\u00e7a (INAC) recebeu, entre 14 e 20 de Setembro, um total de 609 den\u00fancias de viol\u00eancia contra menores em todo o pa\u00eds, atrav\u00e9s da linha SOS-Crian\u00e7a 15015. Os casos mais graves ocorreram nas prov\u00edncias do Cunene, Luanda, U\u00edge e Zaire, envolvendo situa\u00e7\u00f5es de abuso sexu- al, viol\u00eancia f\u00edsica, trabalho infantil e [&hellip;]<\/p>\n","protected":false},"author":3,"featured_media":2255,"comment_status":"open","ping_status":"open","sticky":false,"template":"","format":"standard","meta":{"footnotes":""},"categories":[16],"tags":[539,668],"class_list":["post-2254","post","type-post","status-publish","format-standard","has-post-thumbnail","hentry","category-actualidade","tag-abuso-sexual","tag-talatona"],"blocksy_meta":[],"_links":{"self":[{"href":"https:\/\/www.radiomais.ao\/index.php\/wp-json\/wp\/v2\/posts\/2254","targetHints":{"allow":["GET"]}}],"collection":[{"href":"https:\/\/www.radiomais.ao\/index.php\/wp-json\/wp\/v2\/posts"}],"about":[{"href":"https:\/\/www.radiomais.ao\/index.php\/wp-json\/wp\/v2\/types\/post"}],"author":[{"embeddable":true,"href":"https:\/\/www.radiomais.ao\/index.php\/wp-json\/wp\/v2\/users\/3"}],"replies":[{"embeddable":true,"href":"https:\/\/www.radiomais.ao\/index.php\/wp-json\/wp\/v2\/comments?post=2254"}],"version-history":[{"count":1,"href":"https:\/\/www.radiomais.ao\/index.php\/wp-json\/wp\/v2\/posts\/2254\/revisions"}],"predecessor-version":[{"id":2256,"href":"https:\/\/www.radiomais.ao\/index.php\/wp-json\/wp\/v2\/posts\/2254\/revisions\/2256"}],"wp:featuredmedia":[{"embeddable":true,"href":"https:\/\/www.radiomais.ao\/index.php\/wp-json\/wp\/v2\/media\/2255"}],"wp:attachment":[{"href":"https:\/\/www.radiomais.ao\/index.php\/wp-json\/wp\/v2\/media?parent=2254"}],"wp:term":[{"taxonomy":"category","embeddable":true,"href":"https:\/\/www.radiomais.ao\/index.php\/wp-json\/wp\/v2\/categories?post=2254"},{"taxonomy":"post_tag","embeddable":true,"href":"https:\/\/www.radiomais.ao\/index.php\/wp-json\/wp\/v2\/tags?post=2254"}],"curies":[{"name":"wp","href":"https:\/\/api.w.org\/{rel}","templated":true}]}}