{"id":2257,"date":"2025-09-23T10:59:29","date_gmt":"2025-09-23T09:59:29","guid":{"rendered":"https:\/\/www.radiomais.ao\/?p=2257"},"modified":"2025-09-23T10:59:29","modified_gmt":"2025-09-23T09:59:29","slug":"anep-alerta-que-aumento-do-salario-minimo-constitui-um-desafio-para-colegios-das-classes-b-e-c","status":"publish","type":"post","link":"https:\/\/www.radiomais.ao\/index.php\/2025\/09\/23\/anep-alerta-que-aumento-do-salario-minimo-constitui-um-desafio-para-colegios-das-classes-b-e-c\/","title":{"rendered":"ANEP alerta que aumento do sal\u00e1rio m\u00ednimo constitui um desafio para col\u00e9gios das classes B e C."},"content":{"rendered":"\n<p><strong>O presidente da Associa\u00e7\u00e3o Nacional do Ensino Privado (ANEP), Ant\u00f3nio Pacavira, alerta que h\u00e1 col\u00e9gios classificados como de classe B e C, em que muitos professores e funcion\u00e1rios ainda recebem sal\u00e1rios abaixo do novo sal\u00e1rio m\u00ednimo nacional, que enfrentam muitos desafios financeiros<\/strong>. Fonte <strong><em><a href=\"https:\/\/www.opais.ao\/sociedade\/anep-alerta-que-aumento-do-salario-minimo-constitui-um-desafio-para-colegios-das-classes-b-e-c\/\">Opa\u00eds<\/a><\/em><\/strong><\/p>\n","protected":false},"excerpt":{"rendered":"<p>O presidente da Associa\u00e7\u00e3o Nacional do Ensino Privado (ANEP), Ant\u00f3nio Pacavira, alerta que h\u00e1 col\u00e9gios classificados como de classe B e C, em que muitos professores e funcion\u00e1rios ainda recebem sal\u00e1rios abaixo do novo sal\u00e1rio m\u00ednimo nacional, que enfrentam muitos desafios financeiros. Fonte Opa\u00eds<\/p>\n","protected":false},"author":3,"featured_media":2258,"comment_status":"open","ping_status":"open","sticky":false,"template":"","format":"standard","meta":{"footnotes":""},"categories":[16],"tags":[247,669],"class_list":["post-2257","post","type-post","status-publish","format-standard","has-post-thumbnail","hentry","category-actualidade","tag-anep","tag-salario-minimpo"],"blocksy_meta":[],"_links":{"self":[{"href":"https:\/\/www.radiomais.ao\/index.php\/wp-json\/wp\/v2\/posts\/2257","targetHints":{"allow":["GET"]}}],"collection":[{"href":"https:\/\/www.radiomais.ao\/index.php\/wp-json\/wp\/v2\/posts"}],"about":[{"href":"https:\/\/www.radiomais.ao\/index.php\/wp-json\/wp\/v2\/types\/post"}],"author":[{"embeddable":true,"href":"https:\/\/www.radiomais.ao\/index.php\/wp-json\/wp\/v2\/users\/3"}],"replies":[{"embeddable":true,"href":"https:\/\/www.radiomais.ao\/index.php\/wp-json\/wp\/v2\/comments?post=2257"}],"version-history":[{"count":1,"href":"https:\/\/www.radiomais.ao\/index.php\/wp-json\/wp\/v2\/posts\/2257\/revisions"}],"predecessor-version":[{"id":2259,"href":"https:\/\/www.radiomais.ao\/index.php\/wp-json\/wp\/v2\/posts\/2257\/revisions\/2259"}],"wp:featuredmedia":[{"embeddable":true,"href":"https:\/\/www.radiomais.ao\/index.php\/wp-json\/wp\/v2\/media\/2258"}],"wp:attachment":[{"href":"https:\/\/www.radiomais.ao\/index.php\/wp-json\/wp\/v2\/media?parent=2257"}],"wp:term":[{"taxonomy":"category","embeddable":true,"href":"https:\/\/www.radiomais.ao\/index.php\/wp-json\/wp\/v2\/categories?post=2257"},{"taxonomy":"post_tag","embeddable":true,"href":"https:\/\/www.radiomais.ao\/index.php\/wp-json\/wp\/v2\/tags?post=2257"}],"curies":[{"name":"wp","href":"https:\/\/api.w.org\/{rel}","templated":true}]}}