{"id":2261,"date":"2025-09-23T11:05:23","date_gmt":"2025-09-23T10:05:23","guid":{"rendered":"https:\/\/www.radiomais.ao\/?p=2261"},"modified":"2025-09-23T11:05:23","modified_gmt":"2025-09-23T10:05:23","slug":"divisao-politico-administrativa-pode-retirar-milhares-de-criancas-do-analfabetismo-em-capelongo","status":"publish","type":"post","link":"https:\/\/www.radiomais.ao\/index.php\/2025\/09\/23\/divisao-politico-administrativa-pode-retirar-milhares-de-criancas-do-analfabetismo-em-capelongo\/","title":{"rendered":"Divis\u00e3o Pol\u00edtico-Administrativa pode retirar milhares de crian\u00e7as do analfabetismo em Capelongo."},"content":{"rendered":"\n<p><strong>Angola conta, desde o dia 1 de Janeiro do ano em curso, com 21 prov\u00edncias, contra as anteriores 18, fruto da nova Divis\u00e3o Pol\u00edtico-Administrativa, depois de uma ampla ausculta\u00e7\u00e3o e consulta p\u00fablicas, para garantir a aproxima\u00e7\u00e3o dos servi\u00e7os sociais b\u00e1sicos \u00e0s popula\u00e7\u00f5es e reduzir as assimetrias regionais que ainda assolam milhares de fam\u00edlias angolanas<\/strong>. Fonte<strong><em><a href=\"https:\/\/www.opais.ao\/sociedade\/divisao-politico-administrativa-pode-retirar-milhares-de-criancas-do-analfabetismo-em-capelongo\/\"> Opa\u00eds<\/a><\/em><\/strong><\/p>\n","protected":false},"excerpt":{"rendered":"<p>Angola conta, desde o dia 1 de Janeiro do ano em curso, com 21 prov\u00edncias, contra as anteriores 18, fruto da nova Divis\u00e3o Pol\u00edtico-Administrativa, depois de uma ampla ausculta\u00e7\u00e3o e consulta p\u00fablicas, para garantir a aproxima\u00e7\u00e3o dos servi\u00e7os sociais b\u00e1sicos \u00e0s popula\u00e7\u00f5es e reduzir as assimetrias regionais que ainda assolam milhares de fam\u00edlias angolanas. Fonte [&hellip;]<\/p>\n","protected":false},"author":3,"featured_media":2262,"comment_status":"open","ping_status":"open","sticky":false,"template":"","format":"standard","meta":{"footnotes":""},"categories":[16],"tags":[670,671],"class_list":["post-2261","post","type-post","status-publish","format-standard","has-post-thumbnail","hentry","category-actualidade","tag-divisao-politico-administrativa","tag-divisao-politico-administrativa-pode-retirar-milhares-de-criancas-do-analfabetismo-em-capelongo"],"blocksy_meta":[],"_links":{"self":[{"href":"https:\/\/www.radiomais.ao\/index.php\/wp-json\/wp\/v2\/posts\/2261","targetHints":{"allow":["GET"]}}],"collection":[{"href":"https:\/\/www.radiomais.ao\/index.php\/wp-json\/wp\/v2\/posts"}],"about":[{"href":"https:\/\/www.radiomais.ao\/index.php\/wp-json\/wp\/v2\/types\/post"}],"author":[{"embeddable":true,"href":"https:\/\/www.radiomais.ao\/index.php\/wp-json\/wp\/v2\/users\/3"}],"replies":[{"embeddable":true,"href":"https:\/\/www.radiomais.ao\/index.php\/wp-json\/wp\/v2\/comments?post=2261"}],"version-history":[{"count":1,"href":"https:\/\/www.radiomais.ao\/index.php\/wp-json\/wp\/v2\/posts\/2261\/revisions"}],"predecessor-version":[{"id":2263,"href":"https:\/\/www.radiomais.ao\/index.php\/wp-json\/wp\/v2\/posts\/2261\/revisions\/2263"}],"wp:featuredmedia":[{"embeddable":true,"href":"https:\/\/www.radiomais.ao\/index.php\/wp-json\/wp\/v2\/media\/2262"}],"wp:attachment":[{"href":"https:\/\/www.radiomais.ao\/index.php\/wp-json\/wp\/v2\/media?parent=2261"}],"wp:term":[{"taxonomy":"category","embeddable":true,"href":"https:\/\/www.radiomais.ao\/index.php\/wp-json\/wp\/v2\/categories?post=2261"},{"taxonomy":"post_tag","embeddable":true,"href":"https:\/\/www.radiomais.ao\/index.php\/wp-json\/wp\/v2\/tags?post=2261"}],"curies":[{"name":"wp","href":"https:\/\/api.w.org\/{rel}","templated":true}]}}