{"id":2264,"date":"2025-09-23T13:05:56","date_gmt":"2025-09-23T12:05:56","guid":{"rendered":"https:\/\/www.radiomais.ao\/?p=2264"},"modified":"2025-09-23T13:05:56","modified_gmt":"2025-09-23T12:05:56","slug":"minint-responde-defice-etico-com-simposio-e-responsaveis-querem-etica-como-arma-de-trabalho","status":"publish","type":"post","link":"https:\/\/www.radiomais.ao\/index.php\/2025\/09\/23\/minint-responde-defice-etico-com-simposio-e-responsaveis-querem-etica-como-arma-de-trabalho\/","title":{"rendered":"MININT responde d\u00e9fice \u00e9tico com simp\u00f3sio e respons\u00e1veis querem \u201c\u00e9tica como arma de trabalho\u201d."},"content":{"rendered":"\n<p><strong>O ministro do Interior, Manuel Homem, advertiu, na segunda-feira, 22, em Benguela, ao proceder \u00e0 abertura do simp\u00f3sio regional sobre \u00e9tica institucional, que a sociedade quer agentes que, com coragem, assumam \u00e9tica como principal arma de trabalho. O Minist\u00e9rio do Interior admite, em nota, d\u00e9fice em rela\u00e7\u00e3o ao cumprimento de pressupostos \u00e9ticos no seio das suas estruturas<\/strong>. Fonte <strong><em><a href=\"https:\/\/www.opais.ao\/sociedade\/minint-responde-defice-etico-com-simposio-e-responsaveis-querem-etica-como-arma-de-trabalho\/\">Opa\u00eds<\/a><\/em><\/strong><\/p>\n","protected":false},"excerpt":{"rendered":"<p>O ministro do Interior, Manuel Homem, advertiu, na segunda-feira, 22, em Benguela, ao proceder \u00e0 abertura do simp\u00f3sio regional sobre \u00e9tica institucional, que a sociedade quer agentes que, com coragem, assumam \u00e9tica como principal arma de trabalho. O Minist\u00e9rio do Interior admite, em nota, d\u00e9fice em rela\u00e7\u00e3o ao cumprimento de pressupostos \u00e9ticos no seio das [&hellip;]<\/p>\n","protected":false},"author":3,"featured_media":2265,"comment_status":"open","ping_status":"open","sticky":false,"template":"","format":"standard","meta":{"footnotes":""},"categories":[16],"tags":[672,656,673],"class_list":["post-2264","post","type-post","status-publish","format-standard","has-post-thumbnail","hentry","category-actualidade","tag-defice","tag-minint","tag-simposio"],"blocksy_meta":[],"_links":{"self":[{"href":"https:\/\/www.radiomais.ao\/index.php\/wp-json\/wp\/v2\/posts\/2264","targetHints":{"allow":["GET"]}}],"collection":[{"href":"https:\/\/www.radiomais.ao\/index.php\/wp-json\/wp\/v2\/posts"}],"about":[{"href":"https:\/\/www.radiomais.ao\/index.php\/wp-json\/wp\/v2\/types\/post"}],"author":[{"embeddable":true,"href":"https:\/\/www.radiomais.ao\/index.php\/wp-json\/wp\/v2\/users\/3"}],"replies":[{"embeddable":true,"href":"https:\/\/www.radiomais.ao\/index.php\/wp-json\/wp\/v2\/comments?post=2264"}],"version-history":[{"count":1,"href":"https:\/\/www.radiomais.ao\/index.php\/wp-json\/wp\/v2\/posts\/2264\/revisions"}],"predecessor-version":[{"id":2266,"href":"https:\/\/www.radiomais.ao\/index.php\/wp-json\/wp\/v2\/posts\/2264\/revisions\/2266"}],"wp:featuredmedia":[{"embeddable":true,"href":"https:\/\/www.radiomais.ao\/index.php\/wp-json\/wp\/v2\/media\/2265"}],"wp:attachment":[{"href":"https:\/\/www.radiomais.ao\/index.php\/wp-json\/wp\/v2\/media?parent=2264"}],"wp:term":[{"taxonomy":"category","embeddable":true,"href":"https:\/\/www.radiomais.ao\/index.php\/wp-json\/wp\/v2\/categories?post=2264"},{"taxonomy":"post_tag","embeddable":true,"href":"https:\/\/www.radiomais.ao\/index.php\/wp-json\/wp\/v2\/tags?post=2264"}],"curies":[{"name":"wp","href":"https:\/\/api.w.org\/{rel}","templated":true}]}}