{"id":2267,"date":"2025-09-23T13:12:08","date_gmt":"2025-09-23T12:12:08","guid":{"rendered":"https:\/\/www.radiomais.ao\/?p=2267"},"modified":"2025-09-23T13:12:08","modified_gmt":"2025-09-23T12:12:08","slug":"presidente-da-assembleia-nacional-a-caminho-de-kinshasa-em-missao-do-fp-cirgl","status":"publish","type":"post","link":"https:\/\/www.radiomais.ao\/index.php\/2025\/09\/23\/presidente-da-assembleia-nacional-a-caminho-de-kinshasa-em-missao-do-fp-cirgl\/","title":{"rendered":"Presidente da Assembleia Nacional a caminho de Kinshasa em miss\u00e3o do FP-CIRGL."},"content":{"rendered":"\n<p>A presidente da Assembleia Nacional, Carolina Cerqueira, deixou a capital do pa\u00eds nesta ter\u00e7a-feira, 23, com destino \u00e0 capital da Rep\u00fablica Democr\u00e1tica do Congo (RDC), Kinshasa, para dar andamento \u00e0s suas responsabilidades como presidente em exerc\u00edcio do F\u00f3rum Parlamentar da Confer\u00eancia Internacional dos Grandes Lagos (FP-CIRGL).Fonte <strong><em><a href=\"https:\/\/www.opais.ao\/politica\/presidente-da-assembleia-nacional-a-caminho-de-kinshasa-em-missao-do-fp-cirgl\/\">Opa\u00eds<\/a><\/em><\/strong><\/p>\n","protected":false},"excerpt":{"rendered":"<p>A presidente da Assembleia Nacional, Carolina Cerqueira, deixou a capital do pa\u00eds nesta ter\u00e7a-feira, 23, com destino \u00e0 capital da Rep\u00fablica Democr\u00e1tica do Congo (RDC), Kinshasa, para dar andamento \u00e0s suas responsabilidades como presidente em exerc\u00edcio do F\u00f3rum Parlamentar da Confer\u00eancia Internacional dos Grandes Lagos (FP-CIRGL).Fonte Opa\u00eds<\/p>\n","protected":false},"author":3,"featured_media":2268,"comment_status":"open","ping_status":"open","sticky":false,"template":"","format":"standard","meta":{"footnotes":""},"categories":[16],"tags":[675,674],"class_list":["post-2267","post","type-post","status-publish","format-standard","has-post-thumbnail","hentry","category-actualidade","tag-kinshasa","tag-pr-assembleia-nacional"],"blocksy_meta":[],"_links":{"self":[{"href":"https:\/\/www.radiomais.ao\/index.php\/wp-json\/wp\/v2\/posts\/2267","targetHints":{"allow":["GET"]}}],"collection":[{"href":"https:\/\/www.radiomais.ao\/index.php\/wp-json\/wp\/v2\/posts"}],"about":[{"href":"https:\/\/www.radiomais.ao\/index.php\/wp-json\/wp\/v2\/types\/post"}],"author":[{"embeddable":true,"href":"https:\/\/www.radiomais.ao\/index.php\/wp-json\/wp\/v2\/users\/3"}],"replies":[{"embeddable":true,"href":"https:\/\/www.radiomais.ao\/index.php\/wp-json\/wp\/v2\/comments?post=2267"}],"version-history":[{"count":1,"href":"https:\/\/www.radiomais.ao\/index.php\/wp-json\/wp\/v2\/posts\/2267\/revisions"}],"predecessor-version":[{"id":2269,"href":"https:\/\/www.radiomais.ao\/index.php\/wp-json\/wp\/v2\/posts\/2267\/revisions\/2269"}],"wp:featuredmedia":[{"embeddable":true,"href":"https:\/\/www.radiomais.ao\/index.php\/wp-json\/wp\/v2\/media\/2268"}],"wp:attachment":[{"href":"https:\/\/www.radiomais.ao\/index.php\/wp-json\/wp\/v2\/media?parent=2267"}],"wp:term":[{"taxonomy":"category","embeddable":true,"href":"https:\/\/www.radiomais.ao\/index.php\/wp-json\/wp\/v2\/categories?post=2267"},{"taxonomy":"post_tag","embeddable":true,"href":"https:\/\/www.radiomais.ao\/index.php\/wp-json\/wp\/v2\/tags?post=2267"}],"curies":[{"name":"wp","href":"https:\/\/api.w.org\/{rel}","templated":true}]}}