{"id":2270,"date":"2025-09-23T13:20:39","date_gmt":"2025-09-23T12:20:39","guid":{"rendered":"https:\/\/www.radiomais.ao\/?p=2270"},"modified":"2025-09-23T13:22:19","modified_gmt":"2025-09-23T12:22:19","slug":"executivo-aprova-directrizes-para-o-oge-2026-e-a-nova-codificacao-territorial","status":"publish","type":"post","link":"https:\/\/www.radiomais.ao\/index.php\/2025\/09\/23\/executivo-aprova-directrizes-para-o-oge-2026-e-a-nova-codificacao-territorial\/","title":{"rendered":"Executivo aprova directrizes para o OGE 2026 e a nova codifica\u00e7\u00e3o territorial."},"content":{"rendered":"\n<p><strong>O Executivo angolano deu esta semana mais um passo no refor\u00e7o da organiza\u00e7\u00e3o administrativa e financeira do Estado, com a aprova\u00e7\u00e3o de dois diplomas de grande relev\u00e2ncia, nomeadamente as instru\u00e7\u00f5es para a elabora\u00e7\u00e3o do Or\u00e7amento Geral do Estado (OGE) de 2026 e a nova Lei de Codifica\u00e7\u00e3o das Unidades Territoriais<\/strong>. Fonte <strong><em><a href=\"https:\/\/www.opais.ao\/politica\/executivo-aprova-directrizes-para-o-oge-2026-e-a-nova-codificacao-territorial\/\">Opa\u00eds<\/a><\/em><\/strong><\/p>\n\n\n\n<p><\/p>\n","protected":false},"excerpt":{"rendered":"<p>O Executivo angolano deu esta semana mais um passo no refor\u00e7o da organiza\u00e7\u00e3o administrativa e financeira do Estado, com a aprova\u00e7\u00e3o de dois diplomas de grande relev\u00e2ncia, nomeadamente as instru\u00e7\u00f5es para a elabora\u00e7\u00e3o do Or\u00e7amento Geral do Estado (OGE) de 2026 e a nova Lei de Codifica\u00e7\u00e3o das Unidades Territoriais. Fonte Opa\u00eds<\/p>\n","protected":false},"author":3,"featured_media":2271,"comment_status":"open","ping_status":"open","sticky":false,"template":"","format":"standard","meta":{"footnotes":""},"categories":[16],"tags":[676,677,199,678],"class_list":["post-2270","post","type-post","status-publish","format-standard","has-post-thumbnail","hentry","category-actualidade","tag-aprova","tag-directrizes","tag-executivo","tag-oge"],"blocksy_meta":[],"_links":{"self":[{"href":"https:\/\/www.radiomais.ao\/index.php\/wp-json\/wp\/v2\/posts\/2270","targetHints":{"allow":["GET"]}}],"collection":[{"href":"https:\/\/www.radiomais.ao\/index.php\/wp-json\/wp\/v2\/posts"}],"about":[{"href":"https:\/\/www.radiomais.ao\/index.php\/wp-json\/wp\/v2\/types\/post"}],"author":[{"embeddable":true,"href":"https:\/\/www.radiomais.ao\/index.php\/wp-json\/wp\/v2\/users\/3"}],"replies":[{"embeddable":true,"href":"https:\/\/www.radiomais.ao\/index.php\/wp-json\/wp\/v2\/comments?post=2270"}],"version-history":[{"count":2,"href":"https:\/\/www.radiomais.ao\/index.php\/wp-json\/wp\/v2\/posts\/2270\/revisions"}],"predecessor-version":[{"id":2273,"href":"https:\/\/www.radiomais.ao\/index.php\/wp-json\/wp\/v2\/posts\/2270\/revisions\/2273"}],"wp:featuredmedia":[{"embeddable":true,"href":"https:\/\/www.radiomais.ao\/index.php\/wp-json\/wp\/v2\/media\/2271"}],"wp:attachment":[{"href":"https:\/\/www.radiomais.ao\/index.php\/wp-json\/wp\/v2\/media?parent=2270"}],"wp:term":[{"taxonomy":"category","embeddable":true,"href":"https:\/\/www.radiomais.ao\/index.php\/wp-json\/wp\/v2\/categories?post=2270"},{"taxonomy":"post_tag","embeddable":true,"href":"https:\/\/www.radiomais.ao\/index.php\/wp-json\/wp\/v2\/tags?post=2270"}],"curies":[{"name":"wp","href":"https:\/\/api.w.org\/{rel}","templated":true}]}}