{"id":2280,"date":"2025-09-23T13:42:49","date_gmt":"2025-09-23T12:42:49","guid":{"rendered":"https:\/\/www.radiomais.ao\/?p=2280"},"modified":"2025-09-23T13:42:49","modified_gmt":"2025-09-23T12:42:49","slug":"sociologo-recomenda-moderacao-do-uso-de-telemovel-na-infancia","status":"publish","type":"post","link":"https:\/\/www.radiomais.ao\/index.php\/2025\/09\/23\/sociologo-recomenda-moderacao-do-uso-de-telemovel-na-infancia\/","title":{"rendered":"Soci\u00f3logo recomenda modera\u00e7\u00e3o do uso de telem\u00f3vel na inf\u00e2ncia."},"content":{"rendered":"\n<p><strong>O soci\u00f3lgo angolano Zeferino Mingu\u00eas recomendou nesta segunda-feira, em Luanda, a modera\u00e7\u00e3o do uso do telem\u00f3vel em crian\u00e7as para evitar problemas de sa\u00fade f\u00edsica e ansiedade<\/strong>. Fonte <strong><em><a href=\"https:\/\/www.opais.ao\/sociedade\/sociologo-recomenda-moderacao-do-uso-de-telemovel-na-infancia\/\">Opa\u00eds<\/a><\/em><\/strong><\/p>\n","protected":false},"excerpt":{"rendered":"<p>O soci\u00f3lgo angolano Zeferino Mingu\u00eas recomendou nesta segunda-feira, em Luanda, a modera\u00e7\u00e3o do uso do telem\u00f3vel em crian\u00e7as para evitar problemas de sa\u00fade f\u00edsica e ansiedade. Fonte Opa\u00eds<\/p>\n","protected":false},"author":3,"featured_media":2281,"comment_status":"open","ping_status":"open","sticky":false,"template":"","format":"standard","meta":{"footnotes":""},"categories":[16],"tags":[641,686,685],"class_list":["post-2280","post","type-post","status-publish","format-standard","has-post-thumbnail","hentry","category-actualidade","tag-criancas","tag-sociologo","tag-uso-de-telemovel"],"blocksy_meta":[],"_links":{"self":[{"href":"https:\/\/www.radiomais.ao\/index.php\/wp-json\/wp\/v2\/posts\/2280","targetHints":{"allow":["GET"]}}],"collection":[{"href":"https:\/\/www.radiomais.ao\/index.php\/wp-json\/wp\/v2\/posts"}],"about":[{"href":"https:\/\/www.radiomais.ao\/index.php\/wp-json\/wp\/v2\/types\/post"}],"author":[{"embeddable":true,"href":"https:\/\/www.radiomais.ao\/index.php\/wp-json\/wp\/v2\/users\/3"}],"replies":[{"embeddable":true,"href":"https:\/\/www.radiomais.ao\/index.php\/wp-json\/wp\/v2\/comments?post=2280"}],"version-history":[{"count":1,"href":"https:\/\/www.radiomais.ao\/index.php\/wp-json\/wp\/v2\/posts\/2280\/revisions"}],"predecessor-version":[{"id":2282,"href":"https:\/\/www.radiomais.ao\/index.php\/wp-json\/wp\/v2\/posts\/2280\/revisions\/2282"}],"wp:featuredmedia":[{"embeddable":true,"href":"https:\/\/www.radiomais.ao\/index.php\/wp-json\/wp\/v2\/media\/2281"}],"wp:attachment":[{"href":"https:\/\/www.radiomais.ao\/index.php\/wp-json\/wp\/v2\/media?parent=2280"}],"wp:term":[{"taxonomy":"category","embeddable":true,"href":"https:\/\/www.radiomais.ao\/index.php\/wp-json\/wp\/v2\/categories?post=2280"},{"taxonomy":"post_tag","embeddable":true,"href":"https:\/\/www.radiomais.ao\/index.php\/wp-json\/wp\/v2\/tags?post=2280"}],"curies":[{"name":"wp","href":"https:\/\/api.w.org\/{rel}","templated":true}]}}