{"id":2283,"date":"2025-09-23T13:49:20","date_gmt":"2025-09-23T12:49:20","guid":{"rendered":"https:\/\/www.radiomais.ao\/?p=2283"},"modified":"2025-09-23T13:49:20","modified_gmt":"2025-09-23T12:49:20","slug":"noite-de-poesia-recita-obra-aura-flutuante-da-escritora-olivia-lourenco","status":"publish","type":"post","link":"https:\/\/www.radiomais.ao\/index.php\/2025\/09\/23\/noite-de-poesia-recita-obra-aura-flutuante-da-escritora-olivia-lourenco\/","title":{"rendered":"\u201cNoite de Poesia\u201d recita obra Aura Flutuante da escritora Ol\u00edvia Louren\u00e7o."},"content":{"rendered":"\n<p><strong>O Wyza Anfiteatro, sede da Funda\u00e7\u00e3o Arte e Cultura, localizada na Ilha de Luanda, acolhe nesta quarta-feira, 24, a partir das 19h30, mais uma edi\u00e7\u00e3o da \u201cNoite de Poesia\u201d, desta vez dedicada \u00e0 obra Aura Flutuante, da escritora Ol\u00edvia Louren\u00e7o<\/strong>. Fonte<strong><em><a href=\"https:\/\/www.opais.ao\/cultura\/noite-de-poesia-recita-obra-aura-flutuante-da-escritora-olivia-lourenco\/\"> Opa\u00eds<\/a><\/em><\/strong><\/p>\n","protected":false},"excerpt":{"rendered":"<p>O Wyza Anfiteatro, sede da Funda\u00e7\u00e3o Arte e Cultura, localizada na Ilha de Luanda, acolhe nesta quarta-feira, 24, a partir das 19h30, mais uma edi\u00e7\u00e3o da \u201cNoite de Poesia\u201d, desta vez dedicada \u00e0 obra Aura Flutuante, da escritora Ol\u00edvia Louren\u00e7o. Fonte Opa\u00eds<\/p>\n","protected":false},"author":3,"featured_media":2284,"comment_status":"open","ping_status":"open","sticky":false,"template":"","format":"standard","meta":{"footnotes":""},"categories":[16],"tags":[296,687],"class_list":["post-2283","post","type-post","status-publish","format-standard","has-post-thumbnail","hentry","category-actualidade","tag-cultura","tag-poesia"],"blocksy_meta":[],"_links":{"self":[{"href":"https:\/\/www.radiomais.ao\/index.php\/wp-json\/wp\/v2\/posts\/2283","targetHints":{"allow":["GET"]}}],"collection":[{"href":"https:\/\/www.radiomais.ao\/index.php\/wp-json\/wp\/v2\/posts"}],"about":[{"href":"https:\/\/www.radiomais.ao\/index.php\/wp-json\/wp\/v2\/types\/post"}],"author":[{"embeddable":true,"href":"https:\/\/www.radiomais.ao\/index.php\/wp-json\/wp\/v2\/users\/3"}],"replies":[{"embeddable":true,"href":"https:\/\/www.radiomais.ao\/index.php\/wp-json\/wp\/v2\/comments?post=2283"}],"version-history":[{"count":1,"href":"https:\/\/www.radiomais.ao\/index.php\/wp-json\/wp\/v2\/posts\/2283\/revisions"}],"predecessor-version":[{"id":2285,"href":"https:\/\/www.radiomais.ao\/index.php\/wp-json\/wp\/v2\/posts\/2283\/revisions\/2285"}],"wp:featuredmedia":[{"embeddable":true,"href":"https:\/\/www.radiomais.ao\/index.php\/wp-json\/wp\/v2\/media\/2284"}],"wp:attachment":[{"href":"https:\/\/www.radiomais.ao\/index.php\/wp-json\/wp\/v2\/media?parent=2283"}],"wp:term":[{"taxonomy":"category","embeddable":true,"href":"https:\/\/www.radiomais.ao\/index.php\/wp-json\/wp\/v2\/categories?post=2283"},{"taxonomy":"post_tag","embeddable":true,"href":"https:\/\/www.radiomais.ao\/index.php\/wp-json\/wp\/v2\/tags?post=2283"}],"curies":[{"name":"wp","href":"https:\/\/api.w.org\/{rel}","templated":true}]}}