{"id":2289,"date":"2025-09-24T14:41:09","date_gmt":"2025-09-24T13:41:09","guid":{"rendered":"https:\/\/www.radiomais.ao\/?p=2289"},"modified":"2025-09-24T14:41:09","modified_gmt":"2025-09-24T13:41:09","slug":"ministro-do-interior-visita-comando-da-policia-de-guarda-fronteiras","status":"publish","type":"post","link":"https:\/\/www.radiomais.ao\/index.php\/2025\/09\/24\/ministro-do-interior-visita-comando-da-policia-de-guarda-fronteiras\/","title":{"rendered":"Ministro do Interior visita comando da Pol\u00edcia de Guarda Fronteiras."},"content":{"rendered":"\n<p>O tutelar da pasta do Interior, Manuel Homem, est\u00e1 a efectuar, desde o per\u00edodo matinal desta quarta-feira, uma visita de ajuda e controlo ao comando da Pol\u00edcia de Guarda Fronteiras de Angola (PGFA), a fim de avaliar in loco o n\u00edvel de prontid\u00e3o e funcionamento das for\u00e7as, onde tamb\u00e9m proceder\u00e1 \u00e0 entrega de alguns meios. Fonte <strong><em><a href=\"https:\/\/www.opais.ao\/ultimas_hora\/ministro-do-interior-visita-comando-da-policia-de-guarda-fronteiras\/\">Opais<\/a><\/em><\/strong><\/p>\n","protected":false},"excerpt":{"rendered":"<p>O tutelar da pasta do Interior, Manuel Homem, est\u00e1 a efectuar, desde o per\u00edodo matinal desta quarta-feira, uma visita de ajuda e controlo ao comando da Pol\u00edcia de Guarda Fronteiras de Angola (PGFA), a fim de avaliar in loco o n\u00edvel de prontid\u00e3o e funcionamento das for\u00e7as, onde tamb\u00e9m proceder\u00e1 \u00e0 entrega de alguns meios. [&hellip;]<\/p>\n","protected":false},"author":3,"featured_media":2290,"comment_status":"open","ping_status":"open","sticky":false,"template":"","format":"standard","meta":{"footnotes":""},"categories":[1],"tags":[689,22,688],"class_list":["post-2289","post","type-post","status-publish","format-standard","has-post-thumbnail","hentry","category-uncategorized","tag-comando-policia-guarda-fronteira","tag-destaque","tag-manuel-homem"],"blocksy_meta":[],"_links":{"self":[{"href":"https:\/\/www.radiomais.ao\/index.php\/wp-json\/wp\/v2\/posts\/2289","targetHints":{"allow":["GET"]}}],"collection":[{"href":"https:\/\/www.radiomais.ao\/index.php\/wp-json\/wp\/v2\/posts"}],"about":[{"href":"https:\/\/www.radiomais.ao\/index.php\/wp-json\/wp\/v2\/types\/post"}],"author":[{"embeddable":true,"href":"https:\/\/www.radiomais.ao\/index.php\/wp-json\/wp\/v2\/users\/3"}],"replies":[{"embeddable":true,"href":"https:\/\/www.radiomais.ao\/index.php\/wp-json\/wp\/v2\/comments?post=2289"}],"version-history":[{"count":1,"href":"https:\/\/www.radiomais.ao\/index.php\/wp-json\/wp\/v2\/posts\/2289\/revisions"}],"predecessor-version":[{"id":2291,"href":"https:\/\/www.radiomais.ao\/index.php\/wp-json\/wp\/v2\/posts\/2289\/revisions\/2291"}],"wp:featuredmedia":[{"embeddable":true,"href":"https:\/\/www.radiomais.ao\/index.php\/wp-json\/wp\/v2\/media\/2290"}],"wp:attachment":[{"href":"https:\/\/www.radiomais.ao\/index.php\/wp-json\/wp\/v2\/media?parent=2289"}],"wp:term":[{"taxonomy":"category","embeddable":true,"href":"https:\/\/www.radiomais.ao\/index.php\/wp-json\/wp\/v2\/categories?post=2289"},{"taxonomy":"post_tag","embeddable":true,"href":"https:\/\/www.radiomais.ao\/index.php\/wp-json\/wp\/v2\/tags?post=2289"}],"curies":[{"name":"wp","href":"https:\/\/api.w.org\/{rel}","templated":true}]}}