{"id":2292,"date":"2025-09-24T14:50:22","date_gmt":"2025-09-24T13:50:22","guid":{"rendered":"https:\/\/www.radiomais.ao\/?p=2292"},"modified":"2025-09-24T14:50:22","modified_gmt":"2025-09-24T13:50:22","slug":"agt-adia-entrada-em-vigor-da-facturacao-eletronica-para-inicio-de-outubro","status":"publish","type":"post","link":"https:\/\/www.radiomais.ao\/index.php\/2025\/09\/24\/agt-adia-entrada-em-vigor-da-facturacao-eletronica-para-inicio-de-outubro\/","title":{"rendered":"AGT adia entrada em vigor da factura\u00e7\u00e3o eletr\u00f3nica para in\u00edcio de Outubro."},"content":{"rendered":"\n<p>Por via de uma nota de imprensa constatada hoje por este jornal, a Administra\u00e7\u00e3o Geral Tribut\u00e1ria (AGT) informou que as facturas electr\u00f3nicas, anteriormente previstas para entrar em funcionamento a 22 deste m\u00eas, s\u00f3 entrar\u00e1 em vigor a partir do dia 1 de outubro pr\u00f3ximo, devido \u00e0 algumas dificuldades t\u00e9cnicas de implementa\u00e7\u00e3o apresentadas ao longo do m\u00eas corrente.Fonte<strong><em><a href=\"https:\/\/www.opais.ao\/economia\/agt-adia-entrada-em-vigor-da-facturacao-electronica-para-inicio-de-outubro\/\"> Opa\u00eds<\/a><\/em><\/strong><\/p>\n","protected":false},"excerpt":{"rendered":"<p>Por via de uma nota de imprensa constatada hoje por este jornal, a Administra\u00e7\u00e3o Geral Tribut\u00e1ria (AGT) informou que as facturas electr\u00f3nicas, anteriormente previstas para entrar em funcionamento a 22 deste m\u00eas, s\u00f3 entrar\u00e1 em vigor a partir do dia 1 de outubro pr\u00f3ximo, devido \u00e0 algumas dificuldades t\u00e9cnicas de implementa\u00e7\u00e3o apresentadas ao longo do [&hellip;]<\/p>\n","protected":false},"author":3,"featured_media":2293,"comment_status":"open","ping_status":"open","sticky":false,"template":"","format":"standard","meta":{"footnotes":""},"categories":[16],"tags":[606,690],"class_list":["post-2292","post","type-post","status-publish","format-standard","has-post-thumbnail","hentry","category-actualidade","tag-agt","tag-facturacao-electronica"],"blocksy_meta":[],"_links":{"self":[{"href":"https:\/\/www.radiomais.ao\/index.php\/wp-json\/wp\/v2\/posts\/2292","targetHints":{"allow":["GET"]}}],"collection":[{"href":"https:\/\/www.radiomais.ao\/index.php\/wp-json\/wp\/v2\/posts"}],"about":[{"href":"https:\/\/www.radiomais.ao\/index.php\/wp-json\/wp\/v2\/types\/post"}],"author":[{"embeddable":true,"href":"https:\/\/www.radiomais.ao\/index.php\/wp-json\/wp\/v2\/users\/3"}],"replies":[{"embeddable":true,"href":"https:\/\/www.radiomais.ao\/index.php\/wp-json\/wp\/v2\/comments?post=2292"}],"version-history":[{"count":1,"href":"https:\/\/www.radiomais.ao\/index.php\/wp-json\/wp\/v2\/posts\/2292\/revisions"}],"predecessor-version":[{"id":2294,"href":"https:\/\/www.radiomais.ao\/index.php\/wp-json\/wp\/v2\/posts\/2292\/revisions\/2294"}],"wp:featuredmedia":[{"embeddable":true,"href":"https:\/\/www.radiomais.ao\/index.php\/wp-json\/wp\/v2\/media\/2293"}],"wp:attachment":[{"href":"https:\/\/www.radiomais.ao\/index.php\/wp-json\/wp\/v2\/media?parent=2292"}],"wp:term":[{"taxonomy":"category","embeddable":true,"href":"https:\/\/www.radiomais.ao\/index.php\/wp-json\/wp\/v2\/categories?post=2292"},{"taxonomy":"post_tag","embeddable":true,"href":"https:\/\/www.radiomais.ao\/index.php\/wp-json\/wp\/v2\/tags?post=2292"}],"curies":[{"name":"wp","href":"https:\/\/api.w.org\/{rel}","templated":true}]}}