{"id":2298,"date":"2025-09-24T15:06:25","date_gmt":"2025-09-24T14:06:25","guid":{"rendered":"https:\/\/www.radiomais.ao\/?p=2298"},"modified":"2025-09-24T15:06:25","modified_gmt":"2025-09-24T14:06:25","slug":"taxa-de-prevalencia-do-vih-em-angola-reduz-de-2-para-16","status":"publish","type":"post","link":"https:\/\/www.radiomais.ao\/index.php\/2025\/09\/24\/taxa-de-prevalencia-do-vih-em-angola-reduz-de-2-para-16\/","title":{"rendered":"Taxa de preval\u00eancia do VIH em Angola reduz de 2% para 1,6%."},"content":{"rendered":"\n<p><strong>O Instituto Nacional de Luta contra a SIDA (INLS) assinalou, nesta ter\u00e7a-feira, o 20.\u00ba anivers\u00e1rio com a realiza\u00e7\u00e3o de uma exposi\u00e7\u00e3o hist\u00f3rica e a apresenta\u00e7\u00e3o de resultados que demonstram progressos significativos no combate ao VIH\/SIDA no pa\u00eds. Angola est\u00e1 entre os pa\u00edses da regi\u00e3o subsariana com uma das taxas de preval\u00eancia do VIH mais baixa<\/strong>. Fonte <strong><em><a href=\"https:\/\/www.opais.ao\/sociedade\/taxa-de-prevalencia-do-vih-em-angola-reduz-de-2-para-16\/\">Opa\u00eds<\/a><\/em><\/strong><\/p>\n","protected":false},"excerpt":{"rendered":"<p>O Instituto Nacional de Luta contra a SIDA (INLS) assinalou, nesta ter\u00e7a-feira, o 20.\u00ba anivers\u00e1rio com a realiza\u00e7\u00e3o de uma exposi\u00e7\u00e3o hist\u00f3rica e a apresenta\u00e7\u00e3o de resultados que demonstram progressos significativos no combate ao VIH\/SIDA no pa\u00eds. Angola est\u00e1 entre os pa\u00edses da regi\u00e3o subsariana com uma das taxas de preval\u00eancia do VIH mais baixa. [&hellip;]<\/p>\n","protected":false},"author":3,"featured_media":2299,"comment_status":"open","ping_status":"open","sticky":false,"template":"","format":"standard","meta":{"footnotes":""},"categories":[16],"tags":[227,693],"class_list":["post-2298","post","type-post","status-publish","format-standard","has-post-thumbnail","hentry","category-actualidade","tag-hiv","tag-taxa"],"blocksy_meta":[],"_links":{"self":[{"href":"https:\/\/www.radiomais.ao\/index.php\/wp-json\/wp\/v2\/posts\/2298","targetHints":{"allow":["GET"]}}],"collection":[{"href":"https:\/\/www.radiomais.ao\/index.php\/wp-json\/wp\/v2\/posts"}],"about":[{"href":"https:\/\/www.radiomais.ao\/index.php\/wp-json\/wp\/v2\/types\/post"}],"author":[{"embeddable":true,"href":"https:\/\/www.radiomais.ao\/index.php\/wp-json\/wp\/v2\/users\/3"}],"replies":[{"embeddable":true,"href":"https:\/\/www.radiomais.ao\/index.php\/wp-json\/wp\/v2\/comments?post=2298"}],"version-history":[{"count":1,"href":"https:\/\/www.radiomais.ao\/index.php\/wp-json\/wp\/v2\/posts\/2298\/revisions"}],"predecessor-version":[{"id":2300,"href":"https:\/\/www.radiomais.ao\/index.php\/wp-json\/wp\/v2\/posts\/2298\/revisions\/2300"}],"wp:featuredmedia":[{"embeddable":true,"href":"https:\/\/www.radiomais.ao\/index.php\/wp-json\/wp\/v2\/media\/2299"}],"wp:attachment":[{"href":"https:\/\/www.radiomais.ao\/index.php\/wp-json\/wp\/v2\/media?parent=2298"}],"wp:term":[{"taxonomy":"category","embeddable":true,"href":"https:\/\/www.radiomais.ao\/index.php\/wp-json\/wp\/v2\/categories?post=2298"},{"taxonomy":"post_tag","embeddable":true,"href":"https:\/\/www.radiomais.ao\/index.php\/wp-json\/wp\/v2\/tags?post=2298"}],"curies":[{"name":"wp","href":"https:\/\/api.w.org\/{rel}","templated":true}]}}