{"id":2301,"date":"2025-09-24T15:12:56","date_gmt":"2025-09-24T14:12:56","guid":{"rendered":"https:\/\/www.radiomais.ao\/?p=2301"},"modified":"2025-09-24T15:12:56","modified_gmt":"2025-09-24T14:12:56","slug":"pr-joao-lourenco-aborda-relacoes-de-cooperacao-com-varias-individualidades-em-nova-iorque","status":"publish","type":"post","link":"https:\/\/www.radiomais.ao\/index.php\/2025\/09\/24\/pr-joao-lourenco-aborda-relacoes-de-cooperacao-com-varias-individualidades-em-nova-iorque\/","title":{"rendered":"PR Jo\u00e3o Louren\u00e7o aborda rela\u00e7\u00f5es de coopera\u00e7\u00e3o com v\u00e1rias individualidades em Nova Iorque."},"content":{"rendered":"\n<p>\u00c0 margem da sess\u00e3o da Assembleia Geral das Na\u00e7\u00f5es Unidas, que decorre em Nova Iorque, Estados Unidos da Am\u00e9rica, o Presidente da Rep\u00fablica, Jo\u00e3o Louren\u00e7o, manteve, nesta ter\u00e7a-feira, 23, encontros com diversas entidades. Fonte <strong><em><a href=\"https:\/\/www.opais.ao\/politica\/pr-joao-lourenco-aborda-relacoes-de-cooperacao-com-varias-individualidades-em-nova-iorque\/\">Opa\u00eds<\/a><\/em><\/strong><\/p>\n","protected":false},"excerpt":{"rendered":"<p>\u00c0 margem da sess\u00e3o da Assembleia Geral das Na\u00e7\u00f5es Unidas, que decorre em Nova Iorque, Estados Unidos da Am\u00e9rica, o Presidente da Rep\u00fablica, Jo\u00e3o Louren\u00e7o, manteve, nesta ter\u00e7a-feira, 23, encontros com diversas entidades. Fonte Opa\u00eds<\/p>\n","protected":false},"author":3,"featured_media":2302,"comment_status":"open","ping_status":"open","sticky":false,"template":"","format":"standard","meta":{"footnotes":""},"categories":[16],"tags":[535,695,132,694],"class_list":["post-2301","post","type-post","status-publish","format-standard","has-post-thumbnail","hentry","category-actualidade","tag-individualidades","tag-nova-york","tag-pr","tag-relacoes-de-cooperacao"],"blocksy_meta":[],"_links":{"self":[{"href":"https:\/\/www.radiomais.ao\/index.php\/wp-json\/wp\/v2\/posts\/2301","targetHints":{"allow":["GET"]}}],"collection":[{"href":"https:\/\/www.radiomais.ao\/index.php\/wp-json\/wp\/v2\/posts"}],"about":[{"href":"https:\/\/www.radiomais.ao\/index.php\/wp-json\/wp\/v2\/types\/post"}],"author":[{"embeddable":true,"href":"https:\/\/www.radiomais.ao\/index.php\/wp-json\/wp\/v2\/users\/3"}],"replies":[{"embeddable":true,"href":"https:\/\/www.radiomais.ao\/index.php\/wp-json\/wp\/v2\/comments?post=2301"}],"version-history":[{"count":1,"href":"https:\/\/www.radiomais.ao\/index.php\/wp-json\/wp\/v2\/posts\/2301\/revisions"}],"predecessor-version":[{"id":2303,"href":"https:\/\/www.radiomais.ao\/index.php\/wp-json\/wp\/v2\/posts\/2301\/revisions\/2303"}],"wp:featuredmedia":[{"embeddable":true,"href":"https:\/\/www.radiomais.ao\/index.php\/wp-json\/wp\/v2\/media\/2302"}],"wp:attachment":[{"href":"https:\/\/www.radiomais.ao\/index.php\/wp-json\/wp\/v2\/media?parent=2301"}],"wp:term":[{"taxonomy":"category","embeddable":true,"href":"https:\/\/www.radiomais.ao\/index.php\/wp-json\/wp\/v2\/categories?post=2301"},{"taxonomy":"post_tag","embeddable":true,"href":"https:\/\/www.radiomais.ao\/index.php\/wp-json\/wp\/v2\/tags?post=2301"}],"curies":[{"name":"wp","href":"https:\/\/api.w.org\/{rel}","templated":true}]}}