{"id":2304,"date":"2025-09-24T15:17:55","date_gmt":"2025-09-24T14:17:55","guid":{"rendered":"https:\/\/www.radiomais.ao\/?p=2304"},"modified":"2025-09-24T15:17:55","modified_gmt":"2025-09-24T14:17:55","slug":"carolina-cerqueira-defende-diplomacia-como-ferramenta-essencial-para-paz-na-regiao-dos-grandes-lagos","status":"publish","type":"post","link":"https:\/\/www.radiomais.ao\/index.php\/2025\/09\/24\/carolina-cerqueira-defende-diplomacia-como-ferramenta-essencial-para-paz-na-regiao-dos-grandes-lagos\/","title":{"rendered":"Carolina Cerqueira defende diplomacia como ferramenta essencial para paz na regi\u00e3o dos Grandes Lagos."},"content":{"rendered":"\n<p><strong>A presidente em exerc\u00edcio do F\u00f3rum Parlamentar da Confer\u00eancia Internacional da Regi\u00e3o dos Grandes Lagos (FP-CIRGL), Carolina Cerqueira, defendeu ontem, em Kinshasa, a diplomacia como a \u201cmais poderosa\u201d ferramenta de manuten\u00e7\u00e3o da paz, durante um encontro interactivo com os embaixadores dos Estados-membros da organiza\u00e7\u00e3o<\/strong>. Fonte <strong><em><a href=\"https:\/\/www.opais.ao\/politica\/carolina-cerqueira-defende-diplomacia-como-ferramenta-essencial-para-paz-na-regiao-dos-grandes-lagos\/\">Opa\u00eds<\/a><\/em><\/strong><\/p>\n","protected":false},"excerpt":{"rendered":"<p>A presidente em exerc\u00edcio do F\u00f3rum Parlamentar da Confer\u00eancia Internacional da Regi\u00e3o dos Grandes Lagos (FP-CIRGL), Carolina Cerqueira, defendeu ontem, em Kinshasa, a diplomacia como a \u201cmais poderosa\u201d ferramenta de manuten\u00e7\u00e3o da paz, durante um encontro interactivo com os embaixadores dos Estados-membros da organiza\u00e7\u00e3o. Fonte Opa\u00eds<\/p>\n","protected":false},"author":3,"featured_media":2305,"comment_status":"open","ping_status":"open","sticky":false,"template":"","format":"standard","meta":{"footnotes":""},"categories":[16],"tags":[560,696,697],"class_list":["post-2304","post","type-post","status-publish","format-standard","has-post-thumbnail","hentry","category-actualidade","tag-carolina-cerqueira","tag-diplomacia","tag-regiao-grandes-lagos"],"blocksy_meta":[],"_links":{"self":[{"href":"https:\/\/www.radiomais.ao\/index.php\/wp-json\/wp\/v2\/posts\/2304","targetHints":{"allow":["GET"]}}],"collection":[{"href":"https:\/\/www.radiomais.ao\/index.php\/wp-json\/wp\/v2\/posts"}],"about":[{"href":"https:\/\/www.radiomais.ao\/index.php\/wp-json\/wp\/v2\/types\/post"}],"author":[{"embeddable":true,"href":"https:\/\/www.radiomais.ao\/index.php\/wp-json\/wp\/v2\/users\/3"}],"replies":[{"embeddable":true,"href":"https:\/\/www.radiomais.ao\/index.php\/wp-json\/wp\/v2\/comments?post=2304"}],"version-history":[{"count":1,"href":"https:\/\/www.radiomais.ao\/index.php\/wp-json\/wp\/v2\/posts\/2304\/revisions"}],"predecessor-version":[{"id":2306,"href":"https:\/\/www.radiomais.ao\/index.php\/wp-json\/wp\/v2\/posts\/2304\/revisions\/2306"}],"wp:featuredmedia":[{"embeddable":true,"href":"https:\/\/www.radiomais.ao\/index.php\/wp-json\/wp\/v2\/media\/2305"}],"wp:attachment":[{"href":"https:\/\/www.radiomais.ao\/index.php\/wp-json\/wp\/v2\/media?parent=2304"}],"wp:term":[{"taxonomy":"category","embeddable":true,"href":"https:\/\/www.radiomais.ao\/index.php\/wp-json\/wp\/v2\/categories?post=2304"},{"taxonomy":"post_tag","embeddable":true,"href":"https:\/\/www.radiomais.ao\/index.php\/wp-json\/wp\/v2\/tags?post=2304"}],"curies":[{"name":"wp","href":"https:\/\/api.w.org\/{rel}","templated":true}]}}